{"id":86223,"date":"2020-05-21T09:02:49","date_gmt":"2020-05-21T13:02:49","guid":{"rendered":"https:\/\/linitiative.ca\/International\/covid-19-le-cri-de-detresse-des-professionnels-de-la-culture\/"},"modified":"2020-05-21T09:02:49","modified_gmt":"2020-05-21T13:02:49","slug":"covid-19-le-cri-de-detresse-des-professionnels-de-la-culture","status":"publish","type":"post","link":"https:\/\/linitiative.ca\/International\/covid-19-le-cri-de-detresse-des-professionnels-de-la-culture\/","title":{"rendered":"Covid-19 : Le cri de d\u00e9tresse des professionnels de la culture"},"content":{"rendered":"<p><img decoding=\"async\" class=\"post_layout_5_img\" src=\"http:\/\/aujourdhui.ma\/wp-content\/uploads\/2020\/05\/Moulay-Ahmed-Alaoui-.jpg\" alt=\"Covid-19 : Le cri de d&#xE9;tresse des professionnels de la culture\"\/><\/p>\n<p><span class=\"c8\"><strong><span class=\"c7\">La Conf\u00e9d\u00e9ration marocaine des organismes artistiques et culturels lance un appel pour une strat\u00e9gie publique<\/span><\/strong><\/span><span id=\"more-345570\"\/><\/p>\n<p><span class=\"c9\">Les politiques publiques doivent \u00eatre repens\u00e9es et r\u00e9orient\u00e9es vers les secteurs qui ont d\u00e9montr\u00e9 leur utilit\u00e9 et leur disponibilit\u00e9 pour la s\u00e9curit\u00e9 et le bien-\u00eatre de notre soci\u00e9t\u00e9 en temps de paix comme en temps de crise.<\/span><\/p>\n<p>La Conf\u00e9d\u00e9ration marocaine des organismes artistiques et culturels professionnels, pr\u00e9sid\u00e9e par Moulay Ahmed Alaoui, lance un appel pour une strat\u00e9gie publique de la culture et de l\u2019art. Dans un communiqu\u00e9, la Conf\u00e9d\u00e9ration rappelle que la pand\u00e9mie Covid-19 qui a frapp\u00e9 et paralys\u00e9 la plan\u00e8te enti\u00e8re a \u00abd\u00e9montr\u00e9 \u00e0 toutes et \u00e0 tous que la culture et l\u2019art se sont r\u00e9v\u00e9l\u00e9s essentiels \u00e0 la sant\u00e9 mentale, psychologique, affective, morale et comportementale, ainsi qu\u2019une v\u00e9ritable th\u00e9rapie soci\u00e9tale qui nous aide quotidiennement \u00e0 d\u00e9passer le stress de notre confinement\u00bb.<\/p>\n<p>C\u2019est pour cette raison que la Conf\u00e9d\u00e9ration consid\u00e8re que les politiques publiques doivent \u00eatre repens\u00e9es et r\u00e9orient\u00e9es vers les secteurs qui ont d\u00e9montr\u00e9 leur utilit\u00e9 et leur disponibilit\u00e9 pour la s\u00e9curit\u00e9 et le bien-\u00eatre de notre soci\u00e9t\u00e9 en temps de paix comme en temps de crise. \u00abC\u2019est pourquoi l\u2019art et la culture doivent aujourd\u2019hui disposer, comme les secteurs consid\u00e9r\u00e9s comme primordiaux, d\u2019une strat\u00e9gie visionnaire qui repose sur une approche \u00e0 la fois \u00e9conomique, sociale, \u00e9ducative, l\u00e9gislative, r\u00e9glementaire et inclusive, et qui \u0153uvre pour la mise en place d\u2019un \u00e9cosyst\u00e8me propice \u00e0 son d\u00e9veloppement et \u00e0 sa d\u00e9mocratisation spatiale\u00bb, indique-t-on.<\/p>\n<p>La Conf\u00e9d\u00e9ration se dit tr\u00e8s pr\u00e9occup\u00e9e par les cons\u00e9quences pr\u00e9visibles de la pand\u00e9mie. \u00abNous, femmes et hommes, acteurs dans le domaine de l\u2019art et de la culture, sommes tr\u00e8s inquiets des cons\u00e9quences sociales et \u00e9conomiques, face \u00e0 l\u2019impact et aux cons\u00e9quences que nous sommes en train de vivre et ce depuis la mise en place du dispositif du confinement si n\u00e9cessaire, mais aussi si contraignant\u00bb, souligne-t-on, en notant que \u00abl\u2019absence d\u2019une vision strat\u00e9gique pour le secteur de la culture, la modestie du budget du d\u00e9partement de la culture, la modicit\u00e9 des fonds allou\u00e9s par les diff\u00e9rents bailleurs de fonds, la r\u00e9partition in\u00e9gale des infrastructures culturelles, la fragilit\u00e9 de l\u2019\u00e9cosyst\u00e8me culturel artistique sont des obstacles qui persistent et emp\u00eachent le secteur d\u2019exploiter pleinement son potentiel, dissuadent souvent les investisseurs potentiels de s\u2019engager dans des projets \u00e0 long terme, et limitent la participation active \u00e0 la culture\u00bb.<\/p>\n<p>C\u2019est dans cet esprit que les professionnels appellent les acteurs de la culture et de l\u2019art \u00e0 les rejoindre pour demander, d\u2019une seule voix solennelle, au gouvernement, au Parlement, aux partis politiques, aux collectivit\u00e9s locales, aux sponsors et bailleurs de fonds, \u00e0 reconsid\u00e9rer sans tarder leur perception et leur politique envers le secteur de l\u2019art et de la culture, afin de renforcer les assises de son \u00e9cosyst\u00e8me qui g\u00e9n\u00e8re, faut-il le rappeler, une valeur mat\u00e9rielle et immat\u00e9rielle inestimable et in\u00e9gal\u00e9e.<\/p>\n<p>\u00abNous souhaitons lancer un d\u00e9bat national \u00e9largi afin d\u2019aboutir \u00e0 l\u2019\u00e9laboration d\u2019une strat\u00e9gie claire et \u00e9quitable pour le secteur de l\u2019art et de la culture, qui devrait se traduire par des mesures et des actions, \u00e0 m\u00eame de hisser ce secteur en v\u00e9ritable levier \u00e9conomique et ascenseur social\u00bb, exprime-t-on.<br \/>Pour rappel, la Conf\u00e9d\u00e9ration regroupe plusieurs personnalit\u00e9s du monde des arts et de la culture, dont Abdelwahab Doukkali, Mahmoud El Idrissi Abdekebir Rgagna, Jamal Souissi et autres.<\/p>\n<p>Auteur: Siham Jadraoui<br \/>\n<a href=\"https:\/\/aujourdhui.ma\/culture\/covid-19-le-cri-de-detresse-des-professionnels-de-la-culture\">Cliquez ici pour lire l&rsquo;article depuis sa source.<\/a><\/p>\n","protected":false},"excerpt":{"rendered":"<p>La Conf\u00e9d\u00e9ration marocaine des organismes artistiques et culturels lance un appel pour une strat\u00e9gie publique Les politiques publiques doivent \u00eatre repens\u00e9es et r\u00e9orient\u00e9es vers les secteurs qui ont d\u00e9montr\u00e9 leur utilit\u00e9 et leur disponibilit\u00e9 pour la s\u00e9curit\u00e9 et le bien-\u00eatre de notre soci\u00e9t\u00e9 en temps de paix comme en temps de crise. La Conf\u00e9d\u00e9ration marocaine [&hellip;]<\/p>\n","protected":false},"author":1759,"featured_media":86224,"comment_status":"closed","ping_status":"closed","sticky":false,"template":"","format":"standard","meta":{"fifu_image_url":"","fifu_image_alt":"","footnotes":""},"categories":[73,54],"tags":[],"class_list":["post-86223","post","type-post","status-publish","format-standard","has-post-thumbnail","hentry","category-actualite","category-maroc"],"_links":{"self":[{"href":"https:\/\/linitiative.ca\/International\/wp-json\/wp\/v2\/posts\/86223","targetHints":{"allow":["GET"]}}],"collection":[{"href":"https:\/\/linitiative.ca\/International\/wp-json\/wp\/v2\/posts"}],"about":[{"href":"https:\/\/linitiative.ca\/International\/wp-json\/wp\/v2\/types\/post"}],"author":[{"embeddable":true,"href":"https:\/\/linitiative.ca\/International\/wp-json\/wp\/v2\/users\/1759"}],"replies":[{"embeddable":true,"href":"https:\/\/linitiative.ca\/International\/wp-json\/wp\/v2\/comments?post=86223"}],"version-history":[{"count":0,"href":"https:\/\/linitiative.ca\/International\/wp-json\/wp\/v2\/posts\/86223\/revisions"}],"wp:featuredmedia":[{"embeddable":true,"href":"https:\/\/linitiative.ca\/International\/wp-json\/"}],"wp:attachment":[{"href":"https:\/\/linitiative.ca\/International\/wp-json\/wp\/v2\/media?parent=86223"}],"wp:term":[{"taxonomy":"category","embeddable":true,"href":"https:\/\/linitiative.ca\/International\/wp-json\/wp\/v2\/categories?post=86223"},{"taxonomy":"post_tag","embeddable":true,"href":"https:\/\/linitiative.ca\/International\/wp-json\/wp\/v2\/tags?post=86223"}],"curies":[{"name":"wp","href":"https:\/\/api.w.org\/{rel}","templated":true}]}}