{"id":86225,"date":"2020-05-21T09:15:35","date_gmt":"2020-05-21T13:15:35","guid":{"rendered":"https:\/\/linitiative.ca\/International\/policy-center-for-the-new-south-les-defis-de-la-levee-du-confinement-au-maroc\/"},"modified":"2020-05-21T09:15:35","modified_gmt":"2020-05-21T13:15:35","slug":"policy-center-for-the-new-south-les-defis-de-la-levee-du-confinement-au-maroc","status":"publish","type":"post","link":"https:\/\/linitiative.ca\/International\/policy-center-for-the-new-south-les-defis-de-la-levee-du-confinement-au-maroc\/","title":{"rendered":"Policy Center for the New South : Les d\u00e9fis de la lev\u00e9e du confinement au Maroc"},"content":{"rendered":"<p><img decoding=\"async\" class=\"post_layout_5_img\" src=\"http:\/\/aujourdhui.ma\/wp-content\/uploads\/2020\/05\/Policy-Center-for-the-New-South-Covid-19.jpg\" alt=\"Policy Center for the New South : Les d&#xE9;fis de la lev&#xE9;e du confinement au Maroc\"\/><\/p>\n<p><span class=\"c7\"><strong>La poursuite de la quarantaine aggravera la crise et le co\u00fbt sera indirectement significatif sur la baisse des taxes et redevances.<\/strong><\/span><span id=\"more-345555\"\/><\/p>\n<p>Quelles sont les composantes du plan \u00e9conomique qui accompagnera la lev\u00e9e de la quarantaine ?<br \/>Comment le Maroc pourra-t-il continuer \u00e0 contenir l\u2019\u00e9pid\u00e9mie une fois le confinement lev\u00e9 ? Le virus provoquera-t-il un changement dans la dynamique sociale dans la p\u00e9riode post-pand\u00e9mie ? \u2026 Autant de questions auxquelles ont tent\u00e9 de r\u00e9pondre les experts de Policy Center for the New South (PCNS) lors d\u2019un webinaire qui s\u2019est d\u00e9roul\u00e9 le 19 mai 2020.<\/p>\n<p>En effet, apr\u00e8s l\u2019apparition du nouveau coronavirus dans la plupart des r\u00e9gions du monde, les m\u00e9thodes de lutte contre celui-ci ont vari\u00e9 d\u2019un pays \u00e0 l\u2019autre. Ainsi, les Etats dont les populations ont \u00e9t\u00e9 les plus touch\u00e9es ont adopt\u00e9 des d\u00e9cisions aussi rigoureuses les unes que les autres en vue de r\u00e9duire la propagation de cette pand\u00e9mie. Parall\u00e8lement, plusieurs mesures ont \u00e9t\u00e9 prises pour accompagner les citoyens afin qu\u2019ils puissent traverser cette crise avec le moins de d\u00e9g\u00e2ts possible. Ce d\u00e9fi mondial \u00e0 multiples facettes, \u00e9conomique, sanitaire et social, changera in\u00e9vitablement les politiques des pays en g\u00e9n\u00e9ral et les politiques de lev\u00e9e de quarantaine en particulier.<\/p>\n<p>Dans ce contexte, le Maroc fait partie des pays qui n\u2019ont pas h\u00e9sit\u00e9 \u00e0 mettre en place des mesures tr\u00e8s strictes pour r\u00e9duire la propagation de ce virus priorisant en premier lieu la sant\u00e9 de ses citoyens. A c\u00f4t\u00e9 de cela des efforts ont \u00e9t\u00e9 d\u00e9ploy\u00e9s entre l\u2019\u00c9tat, les diff\u00e9rentes composantes de la soci\u00e9t\u00e9, y compris les m\u00e9dias, les autorit\u00e9s locales, ainsi que les individus et les organisations de la soci\u00e9t\u00e9 civile.<\/p>\n<p>N\u00e9anmoins, cette situation de crise aura des r\u00e9percussions \u00e0 plusieurs niveaux \u00e0 commencer par la sant\u00e9 mentale des citoyens n\u00e9cessitant ainsi de pr\u00e9voir un accompagnement sur ce plan. Outre cela, plusieurs d\u00e9fis \u00e9conomiques devront \u00eatre surmont\u00e9s. A cet \u00e9gard, la poursuite de la quarantaine aggravera la crise et le co\u00fbt sera indirectement significatif sur la baisse des taxes et redevances, selon le think tank marocain.<\/p>\n<p>De plus, la poursuite de la proc\u00e9dure de confinement entra\u00eenera la perte d\u2019emplois, la faiblesse des revenus des m\u00e9nages, la d\u00e9t\u00e9rioration de l\u2019\u00e9pargne et des dommages sur le pouvoir d\u2019achat, ce qui pourra provoquer un risque d\u2019instabilit\u00e9 sociale et financi\u00e8re. Par cons\u00e9quent, la poursuite de la mise en quarantaine constitue un d\u00e9fi majeur pour l\u2019\u00e9conomie marocaine, mais sa lev\u00e9e n\u00e9cessite de grands efforts et de la sensibilisation afin de mettre en \u0153uvre les mesures pr\u00e9ventives recommand\u00e9es par les entreprises, notamment industrielles.<\/p>\n<p>Pour les experts de la sant\u00e9, le plus grand d\u00e9fi est de s\u2019\u00e9loigner autant que possible de l\u2019\u00e9ventualit\u00e9 d\u2019une deuxi\u00e8me vague de propagation du virus, ce qui entra\u00eenera une pression \u00e9lev\u00e9e sur le syst\u00e8me de sant\u00e9, qui aura besoin non seulement de plus d\u2019\u00e9quipements m\u00e9dicaux mais aussi de plus de personnel m\u00e9dical.<\/p>\n<p>Auteur: Ouchagour Leila<br \/>\n<a href=\"https:\/\/aujourdhui.ma\/economie\/policy-center-for-the-new-south-les-defis-de-la-levee-du-confinement-au-maroc\">Cliquez ici pour lire l&rsquo;article depuis sa source.<\/a><\/p>\n","protected":false},"excerpt":{"rendered":"<p>La poursuite de la quarantaine aggravera la crise et le co\u00fbt sera indirectement significatif sur la baisse des taxes et redevances. Quelles sont les composantes du plan \u00e9conomique qui accompagnera la lev\u00e9e de la quarantaine ?Comment le Maroc pourra-t-il continuer \u00e0 contenir l\u2019\u00e9pid\u00e9mie une fois le confinement lev\u00e9 ? Le virus provoquera-t-il un changement dans [&hellip;]<\/p>\n","protected":false},"author":1759,"featured_media":86226,"comment_status":"closed","ping_status":"closed","sticky":false,"template":"","format":"standard","meta":{"fifu_image_url":"","fifu_image_alt":"","footnotes":""},"categories":[73,54],"tags":[],"class_list":["post-86225","post","type-post","status-publish","format-standard","has-post-thumbnail","hentry","category-actualite","category-maroc"],"_links":{"self":[{"href":"https:\/\/linitiative.ca\/International\/wp-json\/wp\/v2\/posts\/86225","targetHints":{"allow":["GET"]}}],"collection":[{"href":"https:\/\/linitiative.ca\/International\/wp-json\/wp\/v2\/posts"}],"about":[{"href":"https:\/\/linitiative.ca\/International\/wp-json\/wp\/v2\/types\/post"}],"author":[{"embeddable":true,"href":"https:\/\/linitiative.ca\/International\/wp-json\/wp\/v2\/users\/1759"}],"replies":[{"embeddable":true,"href":"https:\/\/linitiative.ca\/International\/wp-json\/wp\/v2\/comments?post=86225"}],"version-history":[{"count":0,"href":"https:\/\/linitiative.ca\/International\/wp-json\/wp\/v2\/posts\/86225\/revisions"}],"wp:featuredmedia":[{"embeddable":true,"href":"https:\/\/linitiative.ca\/International\/wp-json\/"}],"wp:attachment":[{"href":"https:\/\/linitiative.ca\/International\/wp-json\/wp\/v2\/media?parent=86225"}],"wp:term":[{"taxonomy":"category","embeddable":true,"href":"https:\/\/linitiative.ca\/International\/wp-json\/wp\/v2\/categories?post=86225"},{"taxonomy":"post_tag","embeddable":true,"href":"https:\/\/linitiative.ca\/International\/wp-json\/wp\/v2\/tags?post=86225"}],"curies":[{"name":"wp","href":"https:\/\/api.w.org\/{rel}","templated":true}]}}