{"id":86227,"date":"2020-05-21T10:50:56","date_gmt":"2020-05-21T14:50:56","guid":{"rendered":"https:\/\/linitiative.ca\/International\/etude-96-des-pharmaciens-detiennent-des-masques-subventionnes-en-stock\/"},"modified":"2020-05-21T10:50:56","modified_gmt":"2020-05-21T14:50:56","slug":"etude-96-des-pharmaciens-detiennent-des-masques-subventionnes-en-stock","status":"publish","type":"post","link":"https:\/\/linitiative.ca\/International\/etude-96-des-pharmaciens-detiennent-des-masques-subventionnes-en-stock\/","title":{"rendered":"Etude : 96% des pharmaciens d\u00e9tiennent des masques subventionn\u00e9s en stock"},"content":{"rendered":"<p><img decoding=\"async\" class=\"post_layout_5_img\" src=\"http:\/\/aujourdhui.ma\/wp-content\/uploads\/2020\/04\/masques-de-protection.jpg\" alt=\"Etude : 96% des pharmaciens d&#xE9;tiennent des masques subventionn&#xE9;s en stock\"\/><\/p>\n<p><span class=\"c7\"><strong>Plus de 51 millions leur ont \u00e9t\u00e9 livr\u00e9s<\/strong><\/span> <span id=\"more-345563\"\/><\/p>\n<p>A la date du 18 mai, 51,5 millions de masques ont d\u00e9j\u00e0 \u00e9t\u00e9 livr\u00e9s aux pharmaciens. Une \u00e9tude publi\u00e9e ce mercredi 20 mai par le Dr Abderrahim Derraji qui en est l\u2019initiateur et responsable du site <strong><span class=\"c9\"><a class=\"c8\" href=\"https:\/\/medicament.ma\/\" target=\"_blank\" rel=\"noopener noreferrer\">medicament.ma<\/a><\/span><\/strong> s\u2019est int\u00e9ress\u00e9e \u00e0 la disponibilit\u00e9 des masques et des gels hydroalcooliques dans les pharmacies pour mieux lutter contre la propagation du Covid-19. Il en ressort que le circuit pharmaceutique s\u2019est r\u00e9v\u00e9l\u00e9 performant pour la distribution des masques non m\u00e9dicaux. Par contre, la forte demande exerc\u00e9e sur les masques m\u00e9dicaux \u00e0 l\u2019international et les prix bas impos\u00e9s par l\u2019administration compromettent leur disponibilit\u00e9 chez les pharmaciens. Ainsi, cette \u00e9tude qui a \u00e9t\u00e9 men\u00e9e du 1er au 15 mai aupr\u00e8s de 1.067 pharmaciens sur tout le territoire r\u00e9v\u00e8le que 95,7% des pharmaciens d\u00e9tenaient les masques subventionn\u00e9s en stock.<\/p>\n<p>Dans le d\u00e9tail, 30,7% des pharmaciens disposent de 5 \u00e0 20 bo\u00eetes en stock, 34,1% de 20 \u00e0 50 bo\u00eetes, 30,8% ont plus de 50 bo\u00eetes en stock et 4,3% entre 0 et 5 bo\u00eetes. En revanche, la disponibilit\u00e9 des masques chirurgicaux en stock fait d\u00e9faut chez environ 93,6% des pharmaciens interrog\u00e9s. Seulement 6,4% des pharmaciens disposent de ce type de masque en stock\u00bb. Ceci est d\u00fb probablement au fait que l\u2019administration a attribu\u00e9 des prix inf\u00e9rieurs \u00e0 leur prix d\u2019achat.<br \/>Beaucoup de pharmaciens ont renonc\u00e9 au d\u00e9but de la pand\u00e9mie \u00e0 d\u00e9tenir les masques chirurgicaux en stock pour ne pas s\u2019exposer \u00e0 la fois aux sanctions administratives et au m\u00e9contentement de la client\u00e8le. Ces masques ne sont plus disponibles actuellement chez les fournisseurs et quand ils le sont leur prix \u00e0 l\u2019international obligerait ces derniers \u00e0 les vendre \u00e0 perte\u00bb, explique Dr Derraji.<\/p>\n<p>Il en va de m\u00eame pour les masques FFP2 qui ne sont pas disponibles. Au total, 90,8% des pharmacies ne disposent de masques FFP2 en stock. \u00abLa tension d\u2019approvisionnement que connaissent les masques m\u00e9dicaux \u00e0 travers le monde s\u2019est accompagn\u00e9e d\u2019une flamb\u00e9e des prix \u00e0 l\u2019international, ce qui explique que seulement 6,4% des pharmaciens disposent en stock de masques chirurgicaux et 9,2% de masques FFP2\u00bb, indique-t-il tout en relevant que depuis le d\u00e9but de la pand\u00e9mie, ces masques \u00e9taient rares et leurs prix \u00e9taient exorbitants. Tout ceci a constitu\u00e9 une contrainte pour les d\u00e9tenir en pharmacie. L \u00e9tude mentionne \u00e9galement que 60,1% des pharmaciens ne disposent pas de masques lavables. Et par cons\u00e9quent, ils ne sont que 39,9% \u00e0 en disposer.<\/p>\n<p>Par ailleurs, les r\u00e9sultats de l\u2019enqu\u00eate ont montr\u00e9 que 87,76% des pharmaciens interrog\u00e9s d\u00e9tiennent des gels et des solutions hydroalcooliques dans leur stock. Seulement 12,2% des pharmaciens ont affirm\u00e9 ne pas en d\u00e9tenir. Ainsi, les pr\u00e9parations hydroalcooliques qui \u00e9taient au d\u00e9but de la crise sanitaire introuvables sont aujourd\u2019hui disponibles depuis la diffusion par le minist\u00e8re de la sant\u00e9 de la D\u00e9cision n\u00b079 DMP\/00 \u2013 17 mars 2020. Par cette d\u00e9cision, le ministre avait autoris\u00e9, par d\u00e9rogation, la mise \u00e0 disposition sur le march\u00e9 et l\u2019utilisation temporaire des produits hydroalcooliques utilis\u00e9s en tant que biocides d\u00e9sinfectants pour l\u2019hygi\u00e8ne humaine. Ainsi, les \u00e9tablissements autoris\u00e9s par le minist\u00e8re de la sant\u00e9 pour produire les pr\u00e9parations hydroalcooliques ont permis de r\u00e9gler le probl\u00e8me de la disponibilit\u00e9 des gels et des solutions hydroalcooliques.<\/p>\n<p>L\u2019\u00e9tude conclut que la mobilisation de l\u2019industrie du textile, le recours au circuit pharmaceutique impliquant pharmaciens et r\u00e9partiteurs et les d\u00e9cisions pertinentes du minist\u00e8re de la sant\u00e9, du minist\u00e8re de l\u2019industrie et du commerce ont permis aux Marocains de disposer aussi bien de masques que de pr\u00e9parations hydroalcooliques, ce qui est un atout pour lutter contre le Covid-19 et envisager le d\u00e9confinement avec plus de s\u00e9r\u00e9nit\u00e9. Le minist\u00e8re de l\u2019int\u00e9rieur a \u00e9galement jou\u00e9 un r\u00f4le primordial dans la coordination et le suivi de cette op\u00e9ration.<\/p>\n<div class=\"base-box mom_box_sc_custom mom_box_sc clear c11\" readability=\"28\">\n<p><span class=\"c10\"><strong>Donn\u00e9es sociod\u00e9mographiques de l\u2019enqu\u00eate<\/strong><\/span><\/p>\n<p>Dans le cadre de l\u2019\u00e9laboration de cette \u00e9tude transversale prospective men\u00e9e aupr\u00e8s de 1067 pharmaciens d\u2019officine, 56,8 % des pharmaciens interrog\u00e9s sont situ\u00e9s dans le Nord et 43,3 % d\u2019eux sont situ\u00e9s dans le Sud. La majorit\u00e9 des pharmaciens sont jeunes. 56,1% sont \u00e2g\u00e9s de 25 \u00e0 45 ans.<\/p>\n<p>Les pharmaciens \u00e2g\u00e9s de 45 \u00e0 65 ans repr\u00e9sentaient 40,1%. Quant aux plus de 65 ans, ils sont largement minoritaires avec seulement 3,8%. Les pharmaciens repr\u00e9sentaient 50,9% contre 49 ,1% pour les pharmaciennes . Par ailleurs, 71,6% des pharmaciens interrog\u00e9s exer\u00e7aient depuis plus de 10 ans.<\/p>\n<\/div>\n<p>Auteur: Laila Zerrour<br \/>\n<a href=\"https:\/\/aujourdhui.ma\/societe\/etude-96-des-pharmaciens-detiennent-des-masques-subventionnes-en-stock\">Cliquez ici pour lire l&rsquo;article depuis sa source.<\/a><\/p>\n","protected":false},"excerpt":{"rendered":"<p>Plus de 51 millions leur ont \u00e9t\u00e9 livr\u00e9s A la date du 18 mai, 51,5 millions de masques ont d\u00e9j\u00e0 \u00e9t\u00e9 livr\u00e9s aux pharmaciens. Une \u00e9tude publi\u00e9e ce mercredi 20 mai par le Dr Abderrahim Derraji qui en est l\u2019initiateur et responsable du site medicament.ma s\u2019est int\u00e9ress\u00e9e \u00e0 la disponibilit\u00e9 des masques et des gels [&hellip;]<\/p>\n","protected":false},"author":1759,"featured_media":86228,"comment_status":"closed","ping_status":"closed","sticky":false,"template":"","format":"standard","meta":{"fifu_image_url":"","fifu_image_alt":"","footnotes":""},"categories":[73,54],"tags":[],"class_list":["post-86227","post","type-post","status-publish","format-standard","has-post-thumbnail","hentry","category-actualite","category-maroc"],"_links":{"self":[{"href":"https:\/\/linitiative.ca\/International\/wp-json\/wp\/v2\/posts\/86227","targetHints":{"allow":["GET"]}}],"collection":[{"href":"https:\/\/linitiative.ca\/International\/wp-json\/wp\/v2\/posts"}],"about":[{"href":"https:\/\/linitiative.ca\/International\/wp-json\/wp\/v2\/types\/post"}],"author":[{"embeddable":true,"href":"https:\/\/linitiative.ca\/International\/wp-json\/wp\/v2\/users\/1759"}],"replies":[{"embeddable":true,"href":"https:\/\/linitiative.ca\/International\/wp-json\/wp\/v2\/comments?post=86227"}],"version-history":[{"count":0,"href":"https:\/\/linitiative.ca\/International\/wp-json\/wp\/v2\/posts\/86227\/revisions"}],"wp:featuredmedia":[{"embeddable":true,"href":"https:\/\/linitiative.ca\/International\/wp-json\/"}],"wp:attachment":[{"href":"https:\/\/linitiative.ca\/International\/wp-json\/wp\/v2\/media?parent=86227"}],"wp:term":[{"taxonomy":"category","embeddable":true,"href":"https:\/\/linitiative.ca\/International\/wp-json\/wp\/v2\/categories?post=86227"},{"taxonomy":"post_tag","embeddable":true,"href":"https:\/\/linitiative.ca\/International\/wp-json\/wp\/v2\/tags?post=86227"}],"curies":[{"name":"wp","href":"https:\/\/api.w.org\/{rel}","templated":true}]}}