{"id":86230,"date":"2020-05-21T10:55:01","date_gmt":"2020-05-21T14:55:01","guid":{"rendered":"https:\/\/linitiative.ca\/International\/majorite-et-opposition-appellent-a-des-mesures-prospectives-pour-endiguer-les-retombees-du-covid-19%ef%bb%bf\/"},"modified":"2020-05-21T10:55:01","modified_gmt":"2020-05-21T14:55:01","slug":"majorite-et-opposition-appellent-a-des-mesures-prospectives-pour-endiguer-les-retombees-du-covid-19%ef%bb%bf","status":"publish","type":"post","link":"https:\/\/linitiative.ca\/International\/majorite-et-opposition-appellent-a-des-mesures-prospectives-pour-endiguer-les-retombees-du-covid-19%ef%bb%bf\/","title":{"rendered":"Majorit\u00e9 et opposition appellent \u00e0 des mesures prospectives pour endiguer les retomb\u00e9es du Covid-19\ufeff"},"content":{"rendered":"<p class=\"has-text-color has-vivid-cyan-blue-color\"><strong>Les groupes de la Chambre des repr\u00e9sentants, majorit\u00e9 et opposition, se sont prononc\u00e9s unanimement mercredi en faveur de mesures pratiques et prospectives pour faire face aux retomb\u00e9es de la pand\u00e9mie du Covid-19.<\/strong><\/p>\n<p>Les repr\u00e9sentants des groupes se sont exprim\u00e9s tour \u00e0 tour au cours d\u2019une s\u00e9ance pl\u00e9ni\u00e8re consacr\u00e9e \u00e0 la discussion de l\u2019expos\u00e9 pr\u00e9sent\u00e9 mardi devant les deux chambres du parlement sur \u00abla gestion du confinement sanitaire pour l\u2019apr\u00e8s 20 mai\u00bb.<\/p>\n<p>Relevant que les succ\u00e8s cumul\u00e9s par le Maroc en cette p\u00e9riode de pand\u00e9mie, \u00abgr\u00e2ce essentiellement \u00e0 la confiance dans les institutions\u00bb, le groupe Justice et d\u00e9veloppement a insist\u00e9 sur la d\u00e9centralisation et le r\u00f4le des collectivit\u00e9s territoriales en tant que l\u2019un des piliers de l\u2019effort national contre la crise n\u00e9e de la propagation du coronavirus.<\/p>\n<p>A cet \u00e9gard, a-t-il soutenu, \u00able Royaume est appel\u00e9 \u00e0 acc\u00e9l\u00e9rer le chantier de r\u00e9vision de son mod\u00e8le de d\u00e9veloppement compte tenu des nouveaut\u00e9s\u00bb.<\/p>\n<p>De l\u2019avis du groupe Authenticit\u00e9 et modernit\u00e9, l\u2019expos\u00e9 du chef du gouvernement n\u2019a gu\u00e8re fourni des chiffres et donn\u00e9es susceptibles de tirer au clair bien des aspects de la crise, tels que les sommes collect\u00e9es par le Fonds sp\u00e9cial de gestion de la pand\u00e9mie, les secteurs impact\u00e9s et les crit\u00e8res d\u2019octroi de l\u2019aide.<\/p>\n<p>Les secteurs sociaux, plus particuli\u00e8rement la sant\u00e9 et l\u2019\u00e9ducation, devraient \u00eatre en t\u00eate des priorit\u00e9s, a estim\u00e9 le groupe, relevant qu\u2019il est imp\u00e9ratif de gagner le pari de l\u2019enseignement \u00e0 distance sur un pied d\u2019\u00e9galit\u00e9 entre les \u00e9l\u00e8ves des zones urbaines et rurales.<\/p>\n<p>A son tour, le groupe du Rassemblement constitutionnel s\u2019est f\u00e9licit\u00e9 de la pr\u00e9sentation de l\u2019expos\u00e9 du chef du gouvernement de par la pertinence de la lecture de la situation au niveau national, le bien-fond\u00e9 des indicateurs sanitaires et de l\u2019\u00e9clairage \u00e9tabli sur l\u2019\u00e9volution de la pand\u00e9mie.<\/p>\n<p>Il a toutefois attir\u00e9 l\u2019attention sur les inqui\u00e9tudes qui se font sentir sur l\u2019impact \u00e9conomique, social et psychique de la crise sur les citoyens, mais aussi sur les milieux \u00e9conomiques et les entreprises.<\/p>\n<p>Pour transcender la crise actuelle, il est n\u00e9cessaire d\u2019entreprendre des mesures pour la relance de l\u2019\u00e9conomique, a estim\u00e9 le groupe qui a insist\u00e9 sur le r\u00f4le des collectivit\u00e9s territoriales comme un stimulant du d\u00e9veloppement social en particulier.<\/p>\n<p>De son c\u00f4t\u00e9, le groupe Istiqlalien de l\u2019unit\u00e9 et de l\u2019\u00e9galitarisme s\u2019est interrog\u00e9 sur la situation des finances publiques et des r\u00e9serves en devises en particulier avec la d\u00e9t\u00e9rioration d\u2019un certain nombre de secteurs qui contribuaient au renforcement de ces avoirs, notant que le groupe demandait \u00e0 cet \u00e9gard d\u2019\u00e9largir l\u2019offre d\u2019exportation nationale, de promouvoir le \u00abMade in Morocco\u00bb et de renforcer le r\u00f4le du Royaume dans les cha\u00eenes d\u2019approvisionnement en Afrique et dans d\u2019autres r\u00e9gions en mati\u00e8re de m\u00e9dicaments, outre l\u2019adoption d\u2019une politique pour le d\u00e9veloppement de l\u2019industrie alimentaire (Halal).<\/p>\n<p>Il a \u00e9galement pr\u00e9cis\u00e9 que les circonstances actuelles constituent l\u2019occasion pour r\u00e9examiner les choix, notant que n\u2019importe quelle nouvelle approche pour l\u2019apr\u00e8s-coronavirus doit prendre en consid\u00e9ration la s\u00e9curit\u00e9 sanitaire et alimentaire.<\/p>\n<p>Le groupe Haraki s\u2019est quant \u00e0 lui attard\u00e9 sur les difficult\u00e9s que rencontrent les cat\u00e9gories vuln\u00e9rables suite \u00e0 la crise sanitaire li\u00e9e au nouveau coronavirus notamment les personnes actives dans le secteur informel qui n\u2019ont pas b\u00e9n\u00e9fici\u00e9 du soutien du Fonds sp\u00e9cial de gestion de la pand\u00e9mie du Covid-19, appelant \u00e0 accorder davantage d\u2019attention aux agriculteurs et au monde rural.<\/p>\n<p>Il a aussi mis en avant la vision du gouvernement concernant le secteur du tourisme, compte tenu de son importante contribution dans le produit int\u00e9rieur brut (PIB), tout en s\u2019arr\u00eatant sur les souffrances de Marocains bloqu\u00e9s \u00e0 l\u2019\u00e9tranger et sur l\u2019imp\u00e9ratif de trouver des solutions \u00e0 cette cat\u00e9gorie.<\/p>\n<p>Pour sa part, le groupe socialiste a indiqu\u00e9 que l\u2019expos\u00e9 du chef du gouvernement a \u00e9voqu\u00e9 d\u2019importants aspects li\u00e9s \u00e0 la gestion du confinement sanitaire pour l\u2019apr\u00e8s 20 mai et aux priorit\u00e9s du gouvernement pour la relance \u00e9conomique pour la prochaine p\u00e9riode, notant qu\u2019il s\u2019attendait \u00e0 ce qu\u2019il aborde des mesures pratiques prospectives en tant que compl\u00e9ments des donn\u00e9es et des indicateurs pr\u00e9sent\u00e9s.<\/p>\n<p>L\u2019expos\u00e9 devait comporter des mesures pratiques classifi\u00e9es et claires, m\u00eame si elles reposent sur des hypoth\u00e8ses et qui prennent en consid\u00e9ration la situation \u00e9pid\u00e9miologique au niveau r\u00e9gional, a-t-il ajout\u00e9.<\/p>\n<p>Le groupe parlementaire du Progr\u00e8s et du socialisme a salu\u00e9 l\u2019engagement de pr\u00e9senter le projet de loi de finances rectificative en se basant sur des hypoth\u00e8ses impos\u00e9es par le contexte national et international et la d\u00e9cision d\u2019ouvrir les concertations avec les diverses forces nationales au sujet de la situation socio-\u00e9conomique au temps du coronavirus.<\/p>\n<p>Il a dans ce sens appel\u00e9 \u00e0 ce que ces concertations ne soient pas uniquement \u00abun dialogue formel\u00bb, qu\u2019il aboutisse sur des visions concernant les priorit\u00e9s, les politiques et les programmes publiques d\u2019urgence, ajoutant que la p\u00e9riode de l\u2019apr\u00e8s-Covid requiert le renforcement de la d\u00e9mocratie, de l\u2019\u00e9quit\u00e9 territoriale et sociale et de la promotion des produits nationaux, outre l\u2019investissement dans le capital humain, la sant\u00e9, la formation et la recherche scientifique.<\/p>\n<p class=\"c2\"><strong>(MAP)<\/strong><\/p>\n<p>Auteur: M&rsquo;hammed rahal<br \/>\n<a href=\"http:\/\/albayane.press.ma\/majorite-et-opposition-appellent-a-des-mesures-prospectives-pour-endiguer-les-retombees-du-covid-19%EF%BB%BF.html\">Cliquez ici pour lire l&rsquo;article depuis sa source.<\/a><\/p>\n","protected":false},"excerpt":{"rendered":"<p>Les groupes de la Chambre des repr\u00e9sentants, majorit\u00e9 et opposition, se sont prononc\u00e9s unanimement mercredi en faveur de mesures pratiques et prospectives pour faire face aux retomb\u00e9es de la pand\u00e9mie du Covid-19. Les repr\u00e9sentants des groupes se sont exprim\u00e9s tour \u00e0 tour au cours d\u2019une s\u00e9ance pl\u00e9ni\u00e8re consacr\u00e9e \u00e0 la discussion de l\u2019expos\u00e9 pr\u00e9sent\u00e9 mardi [&hellip;]<\/p>\n","protected":false},"author":1760,"featured_media":0,"comment_status":"closed","ping_status":"closed","sticky":false,"template":"","format":"standard","meta":{"fifu_image_url":"","fifu_image_alt":"","footnotes":""},"categories":[73,54],"tags":[],"class_list":["post-86230","post","type-post","status-publish","format-standard","hentry","category-actualite","category-maroc"],"_links":{"self":[{"href":"https:\/\/linitiative.ca\/International\/wp-json\/wp\/v2\/posts\/86230","targetHints":{"allow":["GET"]}}],"collection":[{"href":"https:\/\/linitiative.ca\/International\/wp-json\/wp\/v2\/posts"}],"about":[{"href":"https:\/\/linitiative.ca\/International\/wp-json\/wp\/v2\/types\/post"}],"author":[{"embeddable":true,"href":"https:\/\/linitiative.ca\/International\/wp-json\/wp\/v2\/users\/1760"}],"replies":[{"embeddable":true,"href":"https:\/\/linitiative.ca\/International\/wp-json\/wp\/v2\/comments?post=86230"}],"version-history":[{"count":0,"href":"https:\/\/linitiative.ca\/International\/wp-json\/wp\/v2\/posts\/86230\/revisions"}],"wp:attachment":[{"href":"https:\/\/linitiative.ca\/International\/wp-json\/wp\/v2\/media?parent=86230"}],"wp:term":[{"taxonomy":"category","embeddable":true,"href":"https:\/\/linitiative.ca\/International\/wp-json\/wp\/v2\/categories?post=86230"},{"taxonomy":"post_tag","embeddable":true,"href":"https:\/\/linitiative.ca\/International\/wp-json\/wp\/v2\/tags?post=86230"}],"curies":[{"name":"wp","href":"https:\/\/api.w.org\/{rel}","templated":true}]}}