{"id":86231,"date":"2020-05-21T11:05:37","date_gmt":"2020-05-21T15:05:37","guid":{"rendered":"https:\/\/linitiative.ca\/International\/%ef%bb%bffonds-covid-19-23-millions-de-beneficiaires\/"},"modified":"2020-05-21T11:05:37","modified_gmt":"2020-05-21T15:05:37","slug":"%ef%bb%bffonds-covid-19-23-millions-de-beneficiaires","status":"publish","type":"post","link":"https:\/\/linitiative.ca\/International\/%ef%bb%bffonds-covid-19-23-millions-de-beneficiaires\/","title":{"rendered":"\ufeffFonds Covid-19: 2,3 millions de b\u00e9n\u00e9ficiaires"},"content":{"rendered":"<p class=\"has-text-color has-vivid-red-color c2\"><strong>2e phase de l\u2019op\u00e9ration de soutien aux m\u00e9nages du secteur informel<\/strong><\/p>\n<p class=\"has-text-color c3\"><strong>Un total de 2,3 millions de personnes travaillant dans le secteur informel ont b\u00e9n\u00e9fici\u00e9 de la deuxi\u00e8me phase de l\u2019op\u00e9ration de soutien men\u00e9e par le Fonds sp\u00e9cial de gestion de la pand\u00e9mie du coronavirus (Covid-19), jusqu\u2019au 19 mai, a affirm\u00e9 mercredi le chef du gouvernement, Saad Dine El Otmani.<\/strong><\/p>\n<p>Lors d\u2019une s\u00e9ance pl\u00e9ni\u00e8re de la Chambre des repr\u00e9sentants, consacr\u00e9e \u00e0 la discussion de son expos\u00e9 sur \u00abla gestion du confinement pour l\u2019apr\u00e8s 20 mai\u00bb, M. El Otmani a indiqu\u00e9 que \u00ab2,3 millions de m\u00e9nages, soit 55% de la totalit\u00e9 des personnes \u00e9ligibles, ont b\u00e9n\u00e9fici\u00e9 de la 2\u00e8me phase de cette op\u00e9ration jusqu\u2019au 19 mai\u00bb.<\/p>\n<p>L\u2019op\u00e9ration est \u00abune r\u00e9ussite jusqu\u2019\u00e0 pr\u00e9sent\u00bb, a-t-il estim\u00e9, soulignant que pendant la premi\u00e8re phase, le soutien a pu \u00eatre accord\u00e9 \u00e0 4,3 millions de personnes.<\/p>\n<p>Il a relev\u00e9 \u00e0 cet \u00e9gard qu\u2019il reste 194.000 personnes qui recevront les aides financi\u00e8res dans les prochains jours avant la f\u00eate de l\u2019Aid Al Fitr, d\u2019autant plus qu\u2019actuellement des unit\u00e9s mobiles se chargent de cette op\u00e9ration.<\/p>\n<p>Cette action de solidarit\u00e9 a \u00e9t\u00e9 lanc\u00e9e par le Comit\u00e9 de veille \u00e9conomique en application des Hautes directives royales, pour venir en aide aux cat\u00e9gories qui ont \u00e9t\u00e9 affect\u00e9es par le coronavirus et ont perdu leur travail.<\/p>\n<p>Au d\u00e9but, l\u2019aide a \u00e9t\u00e9 accord\u00e9e aux m\u00e9nages b\u00e9n\u00e9ficiaires du R\u00e9gime d\u2019assistance m\u00e9dicale (Ramed) op\u00e9rant dans l\u2019informel, mais cela \u00abne signifie pas que toute personne poss\u00e9dant la carte du Ramed peut en profiter, puisqu\u2019elle est consacr\u00e9e principalement aux personnes qui n\u2019ont plus de revenus eu \u00e9gard \u00e0 la perte de leur emploi\u00bb.<\/p>\n<p>S\u2019agissant du traitement des plaintes d\u00e9pos\u00e9es par les personnes qui pensent remplir les crit\u00e8res d\u2019\u00e9ligibilit\u00e9 aux aides, M. El Otmani a expliqu\u00e9 qu\u2019une plateforme num\u00e9rique a \u00e9t\u00e9 mise en place pour qu\u2019elles puissent y acc\u00e9der pour d\u00e9poser leurs r\u00e9clamations qui devront \u00eatre examin\u00e9es avec toute l\u2019attention requise.<\/p>\n<p>Par ailleurs, en r\u00e9ponse aux r\u00e9actions des d\u00e9put\u00e9s concernant le projet de loi relatif \u00e0 l\u2019utilisation des r\u00e9seaux sociaux jusqu\u2019\u00e0 la fin de l\u2019\u00e9tat d\u2019urgence sanitaire, le responsable a soulign\u00e9 que \u00abce projet devrait \u00eatre soumis au Parlement pour qu\u2019il soit concr\u00e9tis\u00e9\u00bb, affirmant qu\u2019il a \u00e9t\u00e9 d\u00e9cid\u00e9 de revoir le texte de sorte \u00e0 interagir avec les points de vue des citoyens et des divers acteurs.<\/p>\n<p class=\"c4\"><strong>(MAP)<\/strong><\/p>\n<p>Auteur: M&rsquo;hammed rahal<br \/>\n<a href=\"http:\/\/albayane.press.ma\/%EF%BB%BFfonds-covid-19-23-millions-de-beneficiaires.html\">Cliquez ici pour lire l&rsquo;article depuis sa source.<\/a><\/p>\n","protected":false},"excerpt":{"rendered":"<p>2e phase de l\u2019op\u00e9ration de soutien aux m\u00e9nages du secteur informel Un total de 2,3 millions de personnes travaillant dans le secteur informel ont b\u00e9n\u00e9fici\u00e9 de la deuxi\u00e8me phase de l\u2019op\u00e9ration de soutien men\u00e9e par le Fonds sp\u00e9cial de gestion de la pand\u00e9mie du coronavirus (Covid-19), jusqu\u2019au 19 mai, a affirm\u00e9 mercredi le chef du [&hellip;]<\/p>\n","protected":false},"author":1760,"featured_media":0,"comment_status":"closed","ping_status":"closed","sticky":false,"template":"","format":"standard","meta":{"fifu_image_url":"","fifu_image_alt":"","footnotes":""},"categories":[73,54],"tags":[],"class_list":["post-86231","post","type-post","status-publish","format-standard","hentry","category-actualite","category-maroc"],"_links":{"self":[{"href":"https:\/\/linitiative.ca\/International\/wp-json\/wp\/v2\/posts\/86231","targetHints":{"allow":["GET"]}}],"collection":[{"href":"https:\/\/linitiative.ca\/International\/wp-json\/wp\/v2\/posts"}],"about":[{"href":"https:\/\/linitiative.ca\/International\/wp-json\/wp\/v2\/types\/post"}],"author":[{"embeddable":true,"href":"https:\/\/linitiative.ca\/International\/wp-json\/wp\/v2\/users\/1760"}],"replies":[{"embeddable":true,"href":"https:\/\/linitiative.ca\/International\/wp-json\/wp\/v2\/comments?post=86231"}],"version-history":[{"count":0,"href":"https:\/\/linitiative.ca\/International\/wp-json\/wp\/v2\/posts\/86231\/revisions"}],"wp:attachment":[{"href":"https:\/\/linitiative.ca\/International\/wp-json\/wp\/v2\/media?parent=86231"}],"wp:term":[{"taxonomy":"category","embeddable":true,"href":"https:\/\/linitiative.ca\/International\/wp-json\/wp\/v2\/categories?post=86231"},{"taxonomy":"post_tag","embeddable":true,"href":"https:\/\/linitiative.ca\/International\/wp-json\/wp\/v2\/tags?post=86231"}],"curies":[{"name":"wp","href":"https:\/\/api.w.org\/{rel}","templated":true}]}}