{"id":86233,"date":"2020-05-21T06:12:02","date_gmt":"2020-05-21T10:12:02","guid":{"rendered":"https:\/\/linitiative.ca\/International\/aid-el-fitr-trois-jours-de-conge-pour-le-public\/"},"modified":"2020-05-21T06:12:02","modified_gmt":"2020-05-21T10:12:02","slug":"aid-el-fitr-trois-jours-de-conge-pour-le-public","status":"publish","type":"post","link":"https:\/\/linitiative.ca\/International\/aid-el-fitr-trois-jours-de-conge-pour-le-public\/","title":{"rendered":"A\u00efd El Fitr : Trois jours de cong\u00e9 pour le public"},"content":{"rendered":"<p>Les agents de l\u2019Etat, des collectivit\u00e9s locales et des \u00e9tablissements publics \u00e0 caract\u00e8re administratif b\u00e9n\u00e9ficieront de trois jours de cong\u00e9 (23, 24 et 25 mai 2020), \u00e0 l\u2019occasion de l\u2019A\u00efd El-Fitr, a annonc\u00e9, mercredi, dans un communiqu\u00e9, le ministre d\u2019Etat aupr\u00e8s du chef du gouvernement, charg\u00e9 de la fonction publique, de la gouvernance et de la lutte contre la corruption.<\/p>\n<div class=\"wp-post-author-wrap wp-post-author-shortcode left\">\n<h3 class=\"awpa-title\"\/>\n<div class=\"wp-post-author\">\n<div class=\"awpa-img awpa-author-block square\"><a href=\"http:\/\/lexpertjournal.net\/fr\/?author=5\"><img loading=\"lazy\" decoding=\"async\" alt=\"\" src=\"http:\/\/0.gravatar.com\/avatar\/97f8e10a1c1125ba104a76514ee07b16?s=150&amp;d=mm&amp;r=g\" srcset=\"http:\/\/0.gravatar.com\/avatar\/97f8e10a1c1125ba104a76514ee07b16?s=300&amp;d=mm&amp;r=g 2x\" class=\"avatar avatar-150 photo\" height=\"150\" width=\"150\"\/><\/a><\/div>\n<\/div>\n<\/div>\n<aside class=\"mashsb-container mashsb-main mashsb-stretched\">\n<\/aside>\n<p>Auteur: L&rsquo;expert<br \/>\n<a href=\"http:\/\/lexpertjournal.net\/fr\/?p=14844\">Cliquez ici pour lire l&rsquo;article depuis sa source.<\/a><\/p>\n","protected":false},"excerpt":{"rendered":"<p>Les agents de l\u2019Etat, des collectivit\u00e9s locales et des \u00e9tablissements publics \u00e0 caract\u00e8re administratif b\u00e9n\u00e9ficieront de trois jours de cong\u00e9 (23, 24 et 25 mai 2020), \u00e0 l\u2019occasion de l\u2019A\u00efd El-Fitr, a annonc\u00e9, mercredi, dans un communiqu\u00e9, le ministre d\u2019Etat aupr\u00e8s du chef du gouvernement, charg\u00e9 de la fonction publique, de la gouvernance et de [&hellip;]<\/p>\n","protected":false},"author":1775,"featured_media":0,"comment_status":"closed","ping_status":"closed","sticky":false,"template":"","format":"standard","meta":{"fifu_image_url":"","fifu_image_alt":"","footnotes":""},"categories":[78,55],"tags":[],"class_list":["post-86233","post","type-post","status-publish","format-standard","hentry","category-economie","category-tunisie"],"_links":{"self":[{"href":"https:\/\/linitiative.ca\/International\/wp-json\/wp\/v2\/posts\/86233","targetHints":{"allow":["GET"]}}],"collection":[{"href":"https:\/\/linitiative.ca\/International\/wp-json\/wp\/v2\/posts"}],"about":[{"href":"https:\/\/linitiative.ca\/International\/wp-json\/wp\/v2\/types\/post"}],"author":[{"embeddable":true,"href":"https:\/\/linitiative.ca\/International\/wp-json\/wp\/v2\/users\/1775"}],"replies":[{"embeddable":true,"href":"https:\/\/linitiative.ca\/International\/wp-json\/wp\/v2\/comments?post=86233"}],"version-history":[{"count":0,"href":"https:\/\/linitiative.ca\/International\/wp-json\/wp\/v2\/posts\/86233\/revisions"}],"wp:attachment":[{"href":"https:\/\/linitiative.ca\/International\/wp-json\/wp\/v2\/media?parent=86233"}],"wp:term":[{"taxonomy":"category","embeddable":true,"href":"https:\/\/linitiative.ca\/International\/wp-json\/wp\/v2\/categories?post=86233"},{"taxonomy":"post_tag","embeddable":true,"href":"https:\/\/linitiative.ca\/International\/wp-json\/wp\/v2\/tags?post=86233"}],"curies":[{"name":"wp","href":"https:\/\/api.w.org\/{rel}","templated":true}]}}