{"id":86234,"date":"2020-05-21T06:13:43","date_gmt":"2020-05-21T10:13:43","guid":{"rendered":"https:\/\/linitiative.ca\/International\/laccord-signe-depuis-2018-partenariat-entre-le-ministere-des-domaines-de-letat-et-linlucc\/"},"modified":"2020-05-21T06:13:43","modified_gmt":"2020-05-21T10:13:43","slug":"laccord-signe-depuis-2018-partenariat-entre-le-ministere-des-domaines-de-letat-et-linlucc","status":"publish","type":"post","link":"https:\/\/linitiative.ca\/International\/laccord-signe-depuis-2018-partenariat-entre-le-ministere-des-domaines-de-letat-et-linlucc\/","title":{"rendered":"L\u2019accord sign\u00e9 depuis 2018 : Partenariat entre le minist\u00e8re des Domaines de l\u2019Etat et l\u2019INLUCC"},"content":{"rendered":"<p>Une s\u00e9ance de travail r\u00e9unissant le pr\u00e9sident de l\u2019Instance Nationale de Lutte Contre la Corruption, Chawki Tabib, et le ministre des Domaines de l\u2019Etat et des Affaires fonci\u00e8res, Ghazi Chaouachi, s\u2019est tenue mercredi au si\u00e8ge de l\u2019INLUCC.<\/p>\n<p>La s\u00e9ance a \u00e9t\u00e9 consacr\u00e9e au suivi de l\u2019application de l\u2019accord de partenariat sign\u00e9 entre le minist\u00e8re des Domaines de l\u2019Etat et l\u2019INLUCC le du 24 octobre 2018.<\/p>\n<p>Des clauses de cet accord ont \u00e9t\u00e9 activ\u00e9es, notamment celles relatives \u00e0 la d\u00e9claration du patrimoine ainsi que le suivi des requ\u00eates soumises par l\u2019instance aux services dudit minist\u00e8re.<\/p>\n<p>Dans le souci de renforcer la coordination entre les deux parties et d\u2019activer les diff\u00e9rentes dispositions de l\u2019accord, il a \u00e9t\u00e9 d\u00e9cid\u00e9 de mettre en place le m\u00e9canisme ad\u00e9quat pour r\u00e9aliser cet objectif commun qui s\u2019inscrit dans le cadre de la cons\u00e9cration de la culture de la bonne gouvernance et des principes de la transparence, indique le minist\u00e8re dans un communiqu\u00e9.<\/p>\n<p>Ghazi Chaouachi a exprim\u00e9, \u00e0 cet effet, la pr\u00e9disposition du minist\u00e8re \u00e0 \u00e9lever le niveau de coordination avec l\u2019Instance durant la p\u00e9riode \u00e0 venir, \u00e0 travers le d\u00e9veloppement des contenus de l\u2019accord dans le domaine de la formation dont peuvent b\u00e9n\u00e9ficier certaines structures du minist\u00e8re en question.<\/p>\n<p>Le ministre des domaines de l\u2019Etat a indiqu\u00e9 que son d\u00e9partement serait pr\u00eat \u00e0 appuyer l\u2019INLUCC dans la mise en application de sa strat\u00e9gie nationale pour la gouvernance et la lutte contre la corruption, notamment en ce qui concerne la r\u00e9solution du probl\u00e8me relatif au financement gouvernemental pour appliquer cette strat\u00e9gie de mani\u00e8re efficace.<\/p>\n<div class=\"wp-post-author-wrap wp-post-author-shortcode left\">\n<h3 class=\"awpa-title\"\/>\n<div class=\"wp-post-author\">\n<div class=\"awpa-img awpa-author-block square\"><a href=\"http:\/\/lexpertjournal.net\/fr\/?author=5\"><img loading=\"lazy\" decoding=\"async\" alt=\"\" src=\"http:\/\/0.gravatar.com\/avatar\/97f8e10a1c1125ba104a76514ee07b16?s=150&amp;d=mm&amp;r=g\" srcset=\"http:\/\/0.gravatar.com\/avatar\/97f8e10a1c1125ba104a76514ee07b16?s=300&amp;d=mm&amp;r=g 2x\" class=\"avatar avatar-150 photo\" height=\"150\" width=\"150\"\/><\/a><\/div>\n<\/div>\n<\/div>\n<aside class=\"mashsb-container mashsb-main mashsb-stretched\">\n<\/aside>\n<p>Auteur: L&rsquo;expert<br \/>\n<a href=\"http:\/\/lexpertjournal.net\/fr\/?p=14847\">Cliquez ici pour lire l&rsquo;article depuis sa source.<\/a><\/p>\n","protected":false},"excerpt":{"rendered":"<p>Une s\u00e9ance de travail r\u00e9unissant le pr\u00e9sident de l\u2019Instance Nationale de Lutte Contre la Corruption, Chawki Tabib, et le ministre des Domaines de l\u2019Etat et des Affaires fonci\u00e8res, Ghazi Chaouachi, s\u2019est tenue mercredi au si\u00e8ge de l\u2019INLUCC. La s\u00e9ance a \u00e9t\u00e9 consacr\u00e9e au suivi de l\u2019application de l\u2019accord de partenariat sign\u00e9 entre le minist\u00e8re des [&hellip;]<\/p>\n","protected":false},"author":1775,"featured_media":0,"comment_status":"closed","ping_status":"closed","sticky":false,"template":"","format":"standard","meta":{"fifu_image_url":"","fifu_image_alt":"","footnotes":""},"categories":[78,55],"tags":[],"class_list":["post-86234","post","type-post","status-publish","format-standard","hentry","category-economie","category-tunisie"],"_links":{"self":[{"href":"https:\/\/linitiative.ca\/International\/wp-json\/wp\/v2\/posts\/86234","targetHints":{"allow":["GET"]}}],"collection":[{"href":"https:\/\/linitiative.ca\/International\/wp-json\/wp\/v2\/posts"}],"about":[{"href":"https:\/\/linitiative.ca\/International\/wp-json\/wp\/v2\/types\/post"}],"author":[{"embeddable":true,"href":"https:\/\/linitiative.ca\/International\/wp-json\/wp\/v2\/users\/1775"}],"replies":[{"embeddable":true,"href":"https:\/\/linitiative.ca\/International\/wp-json\/wp\/v2\/comments?post=86234"}],"version-history":[{"count":0,"href":"https:\/\/linitiative.ca\/International\/wp-json\/wp\/v2\/posts\/86234\/revisions"}],"wp:attachment":[{"href":"https:\/\/linitiative.ca\/International\/wp-json\/wp\/v2\/media?parent=86234"}],"wp:term":[{"taxonomy":"category","embeddable":true,"href":"https:\/\/linitiative.ca\/International\/wp-json\/wp\/v2\/categories?post=86234"},{"taxonomy":"post_tag","embeddable":true,"href":"https:\/\/linitiative.ca\/International\/wp-json\/wp\/v2\/tags?post=86234"}],"curies":[{"name":"wp","href":"https:\/\/api.w.org\/{rel}","templated":true}]}}