{"id":86235,"date":"2020-05-21T06:15:04","date_gmt":"2020-05-21T10:15:04","guid":{"rendered":"https:\/\/linitiative.ca\/International\/tunisie-pnud-diversifier-la-cooperation-pour-les-droits-economiques-et-sociaux\/"},"modified":"2020-05-21T06:15:04","modified_gmt":"2020-05-21T10:15:04","slug":"tunisie-pnud-diversifier-la-cooperation-pour-les-droits-economiques-et-sociaux","status":"publish","type":"post","link":"https:\/\/linitiative.ca\/International\/tunisie-pnud-diversifier-la-cooperation-pour-les-droits-economiques-et-sociaux\/","title":{"rendered":"Tunisie-PNUD :  Diversifier la coop\u00e9ration pour les droits \u00e9conomiques et sociaux"},"content":{"rendered":"<p>Le ministre des droits de l\u2019Homme, des relations avec les instances constitutionnelles et la soci\u00e9t\u00e9 civile Ayachi Hammami a exprim\u00e9, mercredi, la volont\u00e9 du minist\u00e8re de renforcer la coop\u00e9ration avec le Programme des Nations Unies pour le D\u00e9veloppement (PNUD), en Tunisie, afin qu\u2019elle englobe d\u2019autres domaines li\u00e9s au secteur des droits \u00e9conomiques et sociaux des citoyens et des migrants dont le nombre augmente nettement, \u00e9tant donn\u00e9 que la Tunisie est une zone de transit.<\/p>\n<p>Lors d\u2019un entretien avec le repr\u00e9sentant r\u00e9sident du PNUD, Steve Utterwulghe, Hammami a exprim\u00e9 ses remerciements \u00e0 l\u2019organisation onusienne pour la fourniture de moyens de protection au profit des volontaires du projet \u2018\u2019Jesr \u00bb visant \u00e0 aider les cat\u00e9gories marginalis\u00e9es affect\u00e9es par l\u2019\u00e9pid\u00e9mie Covid-19.<\/p>\n<p>Pour sa part, le repr\u00e9sentant r\u00e9sident du PNUD a \u00e9voqu\u00e9 les divers domaines de coop\u00e9ration avec la Tunisie, depuis 2011, dans le domaine de la transition d\u00e9mocratique et de la lutte contre l\u2019extr\u00e9misme et le terrorisme.<\/p>\n<p>Lors de cet entretien, il a \u00e9t\u00e9 convenu de poursuivre la mise en \u0153uvre du projet d\u2019appui \u00e0 la soci\u00e9t\u00e9 civile dans sa contribution \u00e0 l\u2019Agenda 2030 pour le d\u00e9veloppement durable, sign\u00e9 en ao\u00fbt 2019.<\/p>\n<div class=\"wp-post-author-wrap wp-post-author-shortcode left\">\n<h3 class=\"awpa-title\"\/>\n<div class=\"wp-post-author\">\n<div class=\"awpa-img awpa-author-block square\"><a href=\"http:\/\/lexpertjournal.net\/fr\/?author=5\"><img loading=\"lazy\" decoding=\"async\" alt=\"\" src=\"http:\/\/0.gravatar.com\/avatar\/97f8e10a1c1125ba104a76514ee07b16?s=150&amp;d=mm&amp;r=g\" srcset=\"http:\/\/0.gravatar.com\/avatar\/97f8e10a1c1125ba104a76514ee07b16?s=300&amp;d=mm&amp;r=g 2x\" class=\"avatar avatar-150 photo\" height=\"150\" width=\"150\"\/><\/a><\/div>\n<\/div>\n<\/div>\n<aside class=\"mashsb-container mashsb-main mashsb-stretched\">\n<\/aside>\n<p>Auteur: L&rsquo;expert<br \/>\n<a href=\"http:\/\/lexpertjournal.net\/fr\/?p=14850\">Cliquez ici pour lire l&rsquo;article depuis sa source.<\/a><\/p>\n","protected":false},"excerpt":{"rendered":"<p>Le ministre des droits de l\u2019Homme, des relations avec les instances constitutionnelles et la soci\u00e9t\u00e9 civile Ayachi Hammami a exprim\u00e9, mercredi, la volont\u00e9 du minist\u00e8re de renforcer la coop\u00e9ration avec le Programme des Nations Unies pour le D\u00e9veloppement (PNUD), en Tunisie, afin qu\u2019elle englobe d\u2019autres domaines li\u00e9s au secteur des droits \u00e9conomiques et sociaux des [&hellip;]<\/p>\n","protected":false},"author":1775,"featured_media":0,"comment_status":"closed","ping_status":"closed","sticky":false,"template":"","format":"standard","meta":{"fifu_image_url":"","fifu_image_alt":"","footnotes":""},"categories":[78,55],"tags":[],"class_list":["post-86235","post","type-post","status-publish","format-standard","hentry","category-economie","category-tunisie"],"_links":{"self":[{"href":"https:\/\/linitiative.ca\/International\/wp-json\/wp\/v2\/posts\/86235","targetHints":{"allow":["GET"]}}],"collection":[{"href":"https:\/\/linitiative.ca\/International\/wp-json\/wp\/v2\/posts"}],"about":[{"href":"https:\/\/linitiative.ca\/International\/wp-json\/wp\/v2\/types\/post"}],"author":[{"embeddable":true,"href":"https:\/\/linitiative.ca\/International\/wp-json\/wp\/v2\/users\/1775"}],"replies":[{"embeddable":true,"href":"https:\/\/linitiative.ca\/International\/wp-json\/wp\/v2\/comments?post=86235"}],"version-history":[{"count":0,"href":"https:\/\/linitiative.ca\/International\/wp-json\/wp\/v2\/posts\/86235\/revisions"}],"wp:attachment":[{"href":"https:\/\/linitiative.ca\/International\/wp-json\/wp\/v2\/media?parent=86235"}],"wp:term":[{"taxonomy":"category","embeddable":true,"href":"https:\/\/linitiative.ca\/International\/wp-json\/wp\/v2\/categories?post=86235"},{"taxonomy":"post_tag","embeddable":true,"href":"https:\/\/linitiative.ca\/International\/wp-json\/wp\/v2\/tags?post=86235"}],"curies":[{"name":"wp","href":"https:\/\/api.w.org\/{rel}","templated":true}]}}