{"id":86237,"date":"2020-05-21T13:03:32","date_gmt":"2020-05-21T17:03:32","guid":{"rendered":"https:\/\/linitiative.ca\/International\/lancement-dune-campagne-artistique-associative-en-hommage-au-personnel-soignant\/"},"modified":"2020-05-21T13:03:32","modified_gmt":"2020-05-21T17:03:32","slug":"lancement-dune-campagne-artistique-associative-en-hommage-au-personnel-soignant","status":"publish","type":"post","link":"https:\/\/linitiative.ca\/International\/lancement-dune-campagne-artistique-associative-en-hommage-au-personnel-soignant\/","title":{"rendered":"Lancement d&rsquo;une campagne artistique associative en hommage au personnel soignant"},"content":{"rendered":"<div readability=\"39\">\n<p><strong>ALGER &#8211; Le secr\u00e9tariat d\u2019Etat charg\u00e9 de la production culturelle, a lanc\u00e9 une campagne artistique associative, consistant \u00e0 r\u00e9aliser des dessins et \u00e0 prendre des photos num\u00e9riques valorisant le r\u00f4le des m\u00e9decins et des professionnels de la sant\u00e9, en reconnaissance de leurs sacrifices dans la lutte contre la pand\u00e9mie de Covid-19, indique un communiqu\u00e9 du secr\u00e9tariat d\u2019Etat.<\/strong><\/p>\n<\/div>\n<div readability=\"78\">\n<p>A travers cette campagne, organis\u00e9e dans le cadre de la c\u00e9l\u00e9bration de la journ\u00e9e nationale de l\u2019\u00e9tudiant (19 mai) et la journ\u00e9e nationale de l\u2019artiste (8 juin), le Secr\u00e9tariat d\u2019Etat charg\u00e9 de la production culturelle, a invit\u00e9 les jeunes artistes et plasticiens num\u00e9riques, professionnels et amateurs, \u00e0 participer \u00e0 ce travail collectif, soulignant que les meilleurs \u0153uvres seront expos\u00e9es et mises en avant dans une pancarte g\u00e9ante qui sera imprim\u00e9e et expos\u00e9e \u00e0 Alger le 8 juin prochain.<\/p>\n<p>Parmi les conditions de participation, les dessins doivent \u00eatre num\u00e9riques originaux, r\u00e9alis\u00e9s \u00e0 partir d\u2019une tablette ou scann\u00e9s, de couleur unie, bicolore ou multicolore.<\/p>\n<p>Les travaux r\u00e9alis\u00e9s doivent \u00eatre envoy\u00e9s dans un dossier num\u00e9rique de haute r\u00e9solution en format PDF, Jpeg ou en 300 dpi et le dessin en format A4 minimum.<\/p>\n<p>Tous les genres artistiques sont accept\u00e9s, le r\u00e9alisme, symbolisme et l\u2019impressionnisme, de m\u00eame que le graphisme et la caricature.<\/p>\n<p>Les \u0153uvres doivent \u00eatre envoy\u00e9es, avant le 1er juin, aux e-mails suivants : sepcm-culture.gov.dz\u00a0 et\u00a0 <span id=\"cloakc36077a134164a7788c71c7884349fc2\">Cette adresse e-mail est prot\u00e9g\u00e9e contre les robots spammeurs. Vous devez activer le JavaScript pour la visualiser.<\/span>, jointes des informations personnelles du candidat et autres sur l\u2019\u0153uvre.<\/p>\n<p>Cette initiative \u00ab\u00a0caract\u00e8re artistique et humain\u00a0\u00bb s\u2019inscrit dans le cadre de \u00ab\u00a0la solidarit\u00e9 et de la reconnaissance des efforts et sacrifices consentis par les professionnels du secteur de la Sant\u00e9 en Alg\u00e9rie qui \u00ab\u00a0luttent contre la pand\u00e9mie de Covid-19, et ceux ayant perdu leur vie pour en sauver d\u2019autres.<\/p>\n<p>Elle se veut un t\u00e9moignage de leur humanisme exemplaire, un geste d\u2019encouragement, voire une marque de gratitude envers le personnel m\u00e9dical, \u00e0 travers tous les h\u00f4pitaux du pays.<\/p>\n<\/div>\n<p>Auteur:<br \/>\n<a href=\"http:\/\/www.aps.dz\/culture\/105287-lancement-d-une-campagne-artistique-associative-en-hommage-au-personnel-soignant\">Cliquez ici pour lire l&rsquo;article depuis sa source.<\/a><\/p>\n","protected":false},"excerpt":{"rendered":"<p>ALGER &#8211; Le secr\u00e9tariat d\u2019Etat charg\u00e9 de la production culturelle, a lanc\u00e9 une campagne artistique associative, consistant \u00e0 r\u00e9aliser des dessins et \u00e0 prendre des photos num\u00e9riques valorisant le r\u00f4le des m\u00e9decins et des professionnels de la sant\u00e9, en reconnaissance de leurs sacrifices dans la lutte contre la pand\u00e9mie de Covid-19, indique un communiqu\u00e9 du [&hellip;]<\/p>\n","protected":false},"author":1790,"featured_media":0,"comment_status":"closed","ping_status":"closed","sticky":false,"template":"","format":"standard","meta":{"fifu_image_url":"","fifu_image_alt":"","footnotes":""},"categories":[53,79],"tags":[],"class_list":["post-86237","post","type-post","status-publish","format-standard","hentry","category-algerie","category-culture"],"_links":{"self":[{"href":"https:\/\/linitiative.ca\/International\/wp-json\/wp\/v2\/posts\/86237","targetHints":{"allow":["GET"]}}],"collection":[{"href":"https:\/\/linitiative.ca\/International\/wp-json\/wp\/v2\/posts"}],"about":[{"href":"https:\/\/linitiative.ca\/International\/wp-json\/wp\/v2\/types\/post"}],"author":[{"embeddable":true,"href":"https:\/\/linitiative.ca\/International\/wp-json\/wp\/v2\/users\/1790"}],"replies":[{"embeddable":true,"href":"https:\/\/linitiative.ca\/International\/wp-json\/wp\/v2\/comments?post=86237"}],"version-history":[{"count":0,"href":"https:\/\/linitiative.ca\/International\/wp-json\/wp\/v2\/posts\/86237\/revisions"}],"wp:attachment":[{"href":"https:\/\/linitiative.ca\/International\/wp-json\/wp\/v2\/media?parent=86237"}],"wp:term":[{"taxonomy":"category","embeddable":true,"href":"https:\/\/linitiative.ca\/International\/wp-json\/wp\/v2\/categories?post=86237"},{"taxonomy":"post_tag","embeddable":true,"href":"https:\/\/linitiative.ca\/International\/wp-json\/wp\/v2\/tags?post=86237"}],"curies":[{"name":"wp","href":"https:\/\/api.w.org\/{rel}","templated":true}]}}