{"id":86239,"date":"2020-05-21T12:05:00","date_gmt":"2020-05-21T16:05:00","guid":{"rendered":"https:\/\/linitiative.ca\/International\/les-horaires-de-travail-dapres-laid-el-fitr-fixes\/"},"modified":"2020-05-21T12:05:00","modified_gmt":"2020-05-21T16:05:00","slug":"les-horaires-de-travail-dapres-laid-el-fitr-fixes","status":"publish","type":"post","link":"https:\/\/linitiative.ca\/International\/les-horaires-de-travail-dapres-laid-el-fitr-fixes\/","title":{"rendered":"Les horaires de travail d&rsquo;apr\u00e8s l&rsquo;Aid El Fitr fix\u00e9s"},"content":{"rendered":"<div id=\"originalText\" readability=\"73\">\n<p>Les horaires de travail d&rsquo;apr\u00e8s l&rsquo;Aid El Fitr jusqu&rsquo;au 29 mai courant ont \u00e9t\u00e9 fix\u00e9s en tenant compte des mesures de confinement \u00e0 domicile pr\u00e9vues dans le cadre de la pr\u00e9vention contre le Covid-19, indique jeudi un communiqu\u00e9 de la Fonction publique.<\/p>\n<p>\u00ab\u00a0Compte tenu des mesures actuelles de confinement \u00e0 domicile pr\u00e9vues par le dispositif relatif \u00e0 la pr\u00e9vention et la lutte contre la propagation du Coronavirus (Covid-19), les horaires de travail applicables dans les institutions et administrations publiques durant la p\u00e9riode d&rsquo;apr\u00e8s l&rsquo;Aid El-Fitr jusqu&rsquo;au 29 mai 2020 sont fix\u00e9s du dimanche au jeudi, comme suit :<\/p>\n<p>&#8211; de 8 heures \u00e0 13 heures pour les personnels exer\u00e7ant dans la wilaya de Blida (sous confinement \u00e0 partir de 14 heures jusqu&rsquo;\u00e0 7 heures le lendemain)<\/p>\n<p>&#8211; de 8 heures \u00e0 16 heures pour les personnels exer\u00e7ant dans les wilayas de Bejaia, Tlemcen, Tizi-Ouzou, Alger, S\u00e9tif, M\u00e9d\u00e9a, Oran, Tipasa et Ain-Defla (sous confinement de 17 heures \u00e0 7 heures le lendemain)<\/p>\n<p>&#8211; de 8 heures \u00e0 16 heures 30 minutes pour les personnels exer\u00e7ant des les autres wilayas (sous confinement de 19 heures \u00e0 7 heures le lendemain)<\/p>\n<p>La direction g\u00e9n\u00e9rale de la Fonction publique signale toutefois que les personnels exclus des mesures de confinement partiel \u00e0 domicile ainsi que ceux disposant d&rsquo;une autorisation sp\u00e9ciale de d\u00e9placement pendant les heures de confinement demeurent astreints aux horaires habituels de travail pr\u00e9vus par la r\u00e8glementation en vigueur\u00a0\u00bb.<\/p>\n<p>Le 12 mai dernier, le dispositif du confinement partiel \u00e0 domicile pour faire face \u00e0 la pand\u00e9mie du Covid-19, ainsi que l&rsquo;ensemble des mesures pr\u00e9ventives qui l&rsquo;accompagnent ont \u00e9t\u00e9 reconduits pour une p\u00e9riode suppl\u00e9mentaire de quinze (15) jours, soit jusqu&rsquo;au 29 mai, avait annonc\u00e9 un communiqu\u00e9 des services du Premier ministre.<\/p>\n<p class=\"c6\"><strong>APS<\/strong><\/p>\n<\/div>\n<div id=\"text_core\" readability=\"73\">\n<p>Les horaires de travail d&rsquo;apr\u00e8s l&rsquo;Aid El Fitr jusqu&rsquo;au 29 mai courant ont \u00e9t\u00e9 fix\u00e9s en tenant compte des mesures de confinement \u00e0 domicile pr\u00e9vues dans le cadre de la pr\u00e9vention contre le Covid-19, indique jeudi un communiqu\u00e9 de la Fonction publique.<\/p>\n<p>\u00ab\u00a0Compte tenu des mesures actuelles de confinement \u00e0 domicile pr\u00e9vues par le dispositif relatif \u00e0 la pr\u00e9vention et la lutte contre la propagation du Coronavirus (Covid-19), les horaires de travail applicables dans les institutions et administrations publiques durant la p\u00e9riode d&rsquo;apr\u00e8s l&rsquo;Aid El-Fitr jusqu&rsquo;au 29 mai 2020 sont fix\u00e9s du dimanche au jeudi, comme suit :<\/p>\n<p>&#8211; de 8 heures \u00e0 13 heures pour les personnels exer\u00e7ant dans la wilaya de Blida (sous confinement \u00e0 partir de 14 heures jusqu&rsquo;\u00e0 7 heures le lendemain)<\/p>\n<p>&#8211; de 8 heures \u00e0 16 heures pour les personnels exer\u00e7ant dans les wilayas de Bejaia, Tlemcen, Tizi-Ouzou, Alger, S\u00e9tif, M\u00e9d\u00e9a, Oran, Tipasa et Ain-Defla (sous confinement de 17 heures \u00e0 7 heures le lendemain)<\/p>\n<p>&#8211; de 8 heures \u00e0 16 heures 30 minutes pour les personnels exer\u00e7ant des les autres wilayas (sous confinement de 19 heures \u00e0 7 heures le lendemain)<\/p>\n<p>La direction g\u00e9n\u00e9rale de la Fonction publique signale toutefois que les personnels exclus des mesures de confinement partiel \u00e0 domicile ainsi que ceux disposant d&rsquo;une autorisation sp\u00e9ciale de d\u00e9placement pendant les heures de confinement demeurent astreints aux horaires habituels de travail pr\u00e9vus par la r\u00e8glementation en vigueur\u00a0\u00bb.<\/p>\n<p>Le 12 mai dernier, le dispositif du confinement partiel \u00e0 domicile pour faire face \u00e0 la pand\u00e9mie du Covid-19, ainsi que l&rsquo;ensemble des mesures pr\u00e9ventives qui l&rsquo;accompagnent ont \u00e9t\u00e9 reconduits pour une p\u00e9riode suppl\u00e9mentaire de quinze (15) jours, soit jusqu&rsquo;au 29 mai, avait annonc\u00e9 un communiqu\u00e9 des services du Premier ministre.<\/p>\n<p class=\"c6\"><strong>APS<\/strong><\/p>\n<\/div>\n<p>Auteur:<br \/>\n<a href=\"https:\/\/www.liberte-algerie.com\/actualite\/les-horaires-de-travail-dapres-laid-el-fitr-fixes-339017\">Cliquez ici pour lire l&rsquo;article depuis sa source.<\/a><\/p>\n","protected":false},"excerpt":{"rendered":"<p>Les horaires de travail d&rsquo;apr\u00e8s l&rsquo;Aid El Fitr jusqu&rsquo;au 29 mai courant ont \u00e9t\u00e9 fix\u00e9s en tenant compte des mesures de confinement \u00e0 domicile pr\u00e9vues dans le cadre de la pr\u00e9vention contre le Covid-19, indique jeudi un communiqu\u00e9 de la Fonction publique. \u00ab\u00a0Compte tenu des mesures actuelles de confinement \u00e0 domicile pr\u00e9vues par le dispositif [&hellip;]<\/p>\n","protected":false},"author":1742,"featured_media":0,"comment_status":"closed","ping_status":"closed","sticky":false,"template":"","format":"standard","meta":{"fifu_image_url":"","fifu_image_alt":"","footnotes":""},"categories":[73,53],"tags":[],"class_list":["post-86239","post","type-post","status-publish","format-standard","hentry","category-actualite","category-algerie"],"_links":{"self":[{"href":"https:\/\/linitiative.ca\/International\/wp-json\/wp\/v2\/posts\/86239","targetHints":{"allow":["GET"]}}],"collection":[{"href":"https:\/\/linitiative.ca\/International\/wp-json\/wp\/v2\/posts"}],"about":[{"href":"https:\/\/linitiative.ca\/International\/wp-json\/wp\/v2\/types\/post"}],"author":[{"embeddable":true,"href":"https:\/\/linitiative.ca\/International\/wp-json\/wp\/v2\/users\/1742"}],"replies":[{"embeddable":true,"href":"https:\/\/linitiative.ca\/International\/wp-json\/wp\/v2\/comments?post=86239"}],"version-history":[{"count":0,"href":"https:\/\/linitiative.ca\/International\/wp-json\/wp\/v2\/posts\/86239\/revisions"}],"wp:attachment":[{"href":"https:\/\/linitiative.ca\/International\/wp-json\/wp\/v2\/media?parent=86239"}],"wp:term":[{"taxonomy":"category","embeddable":true,"href":"https:\/\/linitiative.ca\/International\/wp-json\/wp\/v2\/categories?post=86239"},{"taxonomy":"post_tag","embeddable":true,"href":"https:\/\/linitiative.ca\/International\/wp-json\/wp\/v2\/tags?post=86239"}],"curies":[{"name":"wp","href":"https:\/\/api.w.org\/{rel}","templated":true}]}}