{"id":86242,"date":"2020-05-21T12:21:31","date_gmt":"2020-05-21T16:21:31","guid":{"rendered":"https:\/\/linitiative.ca\/International\/covid-19-espoirs-et-atouts-pour-le-jour-dapres\/"},"modified":"2020-05-21T12:21:31","modified_gmt":"2020-05-21T16:21:31","slug":"covid-19-espoirs-et-atouts-pour-le-jour-dapres","status":"publish","type":"post","link":"https:\/\/linitiative.ca\/International\/covid-19-espoirs-et-atouts-pour-le-jour-dapres\/","title":{"rendered":"Covid-19: Espoirs et atouts pour le \u00ab\u00a0Jour d\u2019Apr\u00e8s\u00a0\u00bb"},"content":{"rendered":"<div readability=\"35\">\n<p>Essaouira \u2013 Essaouira se singularise une fois encore en mettant en place un cycle permanent de concertation et de r\u00e9flexion collective par visioconf\u00e9rence, mobilisant les forces vives de la Cit\u00e9 des Aliz\u00e9s pour pr\u00e9parer et donner ses meilleures chances de succ\u00e8s au \u00ab\u00a0Jour d\u2019Apr\u00e8s\u00a0\u00bb.<\/p>\n<\/div>\n<div readability=\"137\">\n<p>Initi\u00e9es par l\u2019Association Essaouira-Mogador en partenariat avec le Conseil Provincial du Tourisme, ces consultations, ouvertes et volontaristes, r\u00e9unissent une fois par semaine plusieurs dizaines de personnalit\u00e9s et op\u00e9rateurs repr\u00e9sentatifs de la soci\u00e9t\u00e9 civile, du secteur touristique et h\u00f4telier, du monde culturel et \u00e9v\u00e9nementiel.<\/p>\n<p>Ouvrant la session de mercredi, le Conseiller de SM le Roi et Pr\u00e9sident-Fondateur de l\u2019Association Essaouira-Mogador, M. Andr\u00e9 Azoulay, a une nouvelle fois mis en relief \u00ab\u00a0l\u2019absolue n\u00e9cessit\u00e9 pour la Cit\u00e9 des Aliz\u00e9s de prioriser, de rationaliser et de capitaliser sur ce qui lui est propre et qui depuis un peu plus de 30 ans a fond\u00e9 la sp\u00e9cificit\u00e9 et la tr\u00e8s forte singularit\u00e9 du positionnement d\u2019Essaouira dans le kal\u00e9idoscope des destinations marocaines\u00a0\u00bb.<\/p>\n<p>\u00ab\u00a0En faisant le choix de b\u00e2tir sa renaissance sur le patrimoine, l\u2019histoire, la culture et le bien-\u00eatre, Essaouira s\u2019est dot\u00e9e d\u2019un ADN dont les g\u00e8nes autorisent toutes les ambitions et tous les espoirs pour le succ\u00e8s et la durabilit\u00e9 du rebond pour lequel les Souiris sont aujourd\u2019hui mobilis\u00e9s\u00a0\u00bb, a soulign\u00e9 M. Azoulay.<\/p>\n<p>\u00ab\u00a0Sans frilosit\u00e9 et sans \u00e9tat d\u2019\u00e2me, nous avons prot\u00e9g\u00e9 notre patrimoine et revisit\u00e9 notre histoire pour faire parler nos vieilles pierres, en nous impr\u00e9gnant des valeurs humanistes qui, pendant des si\u00e8cles, ont nourri et largement d\u00e9termin\u00e9 l\u2019identit\u00e9 souirie\u00a0\u00bb, a d\u00e9clar\u00e9 le Conseiller de SM le Roi, en rappelant pour conclure que \u00ab\u00a0c\u2019est cet h\u00e9ritage, additionn\u00e9 \u00e0 la beaut\u00e9 du site, son \u00e9cologie, son arri\u00e8re-pays, ses terroirs, sa gastronomie et l\u2019exceptionnelle richesse de ses diversit\u00e9s spirituelles, culturelles et artistiques, qui donne toutes ses chances au rebond de la Cit\u00e9 des Aliz\u00e9s pour le Jour d\u2019Apr\u00e8s\u00a0\u00bb.<\/p>\n<p>De son c\u00f4t\u00e9, le pr\u00e9sident du conseil d\u2019administration de l\u2019Association Essaouira-Mogador, M. Redwane Khanne, qui a mod\u00e9r\u00e9 cette visioconf\u00e9rence, s\u2019est f\u00e9licit\u00e9 de la tenue de ce webinaire qui se veut une occasion pour chacune et chacun d\u2019apporter sa pierre \u00e0 cet \u00e9difice, tout en mettant l\u2019accent sur la qualit\u00e9 des d\u00e9bats riches et fructueux ayant permis, lors de la premi\u00e8re r\u00e9union, de faire la lumi\u00e8re sur les diff\u00e9rentes possibilit\u00e9s et divers sc\u00e9narii de la sortie de crise post Covid-19 \u00e0 Essaouira.<\/p>\n<p>Et d\u2019estimer que ces d\u00e9bats et \u00e9changes lanc\u00e9s, doubl\u00e9s de ces questionnements pertinents et des propositions et solutions appropri\u00e9es \u00e0 venir, vont, sans nul doute, permettre d\u2019asseoir une v\u00e9ritable d\u00e9marche inclusive et participative pour aboutir \u00e0 une vision prospective, audacieuse, efficace et efficiente qui r\u00e9pond aux aspirations de l\u2019ensemble de la soci\u00e9t\u00e9 souirie.<\/p>\n<p>Ce webinaire a \u00e9t\u00e9 donc marqu\u00e9 par une interaction tr\u00e8s riche entre les diff\u00e9rents participants, dont le pr\u00e9sident du bureau ex\u00e9cutif de l\u2019Association Essaouira-Mogador, Tarik Otmani, la pr\u00e9sidente de la F\u00e9d\u00e9ration des industries culturelles et cr\u00e9atives (FICC), Mme Neila Tazi, et le pr\u00e9sident de l\u2019Association \u00ab\u00a0Marocains Pluriels\u00a0\u00bb, Ahmed Ghayat, qui ont soulign\u00e9, \u00e0 l\u2019unisson, que la ville d\u2019Essaouira et son arri\u00e8re-pays disposent de tous les ingr\u00e9dients pour \u00eatre un mod\u00e8le \u00e0 suivre pour le d\u00e9veloppement du tourisme int\u00e9rieur, en tant que locomotive pour l\u2019essor \u00e9conomique, social et territorial, et la promotion de la culture et des arts et ce, en capitalisant sur les grands acquis r\u00e9alis\u00e9s durant les derni\u00e8res ann\u00e9es et en allouant des investissements consid\u00e9rables pour enrichir cette dynamique culturelle et artistique dans la Cit\u00e9 des Aliz\u00e9s.<\/p>\n<p>Dans ce cadre, l\u2019accent a \u00e9t\u00e9 mis sur l\u2019importance des r\u00e9seaux sociaux et de la mise sur pied d\u2019une strat\u00e9gie digitale cr\u00e9ative et innovante, qui constituera un vecteur essentiel d\u2019une communication future et permanente en mati\u00e8re de promotion et de marketing, \u00e0 travers des livrables permettant de se d\u00e9marquer par rapport aux autres offres, de mieux valoriser le patrimoine authentique et multi-facettes d\u2019Essaouira et de pr\u00e9senter aux touristes nationaux et \u00e9trangers un regard in\u00e9dit et nouveau de la Cit\u00e9 des Aliz\u00e9s et de son arri\u00e8re-pays, face \u00e0 la rude concurrence qui se profile \u00e0 l\u2019horizon entre les diff\u00e9rentes destinations touristiques nationales.<\/p>\n<p>Les participants, qui ont propos\u00e9 des id\u00e9es de projets innovants et pass\u00e9 en revue une liste d\u2019\u00e9v\u00e9nements \u00e0 venir \u00e0 partir du mois de septembre prochain, pour renforcer cette dynamique vertueuse propre \u00e0 Essaouira, ont aussi plaid\u00e9 pour la promotion du tourisme rural, tout en veillant \u00e0 garder \u00e0 l\u2019esprit l\u2019approche \u00e9cologique, donnant ainsi toutes ses chances \u00e0 la r\u00e9gion pour assurer son d\u00e9veloppement s\u00fbr et durable.<\/p>\n<\/div>\n<p>Auteur: Meriem IGASS<br \/>\n<a href=\"http:\/\/www.mapmarrakech.ma\/fr\/covid-19-espoirs-et-atouts-dessaouira-pour-le-jour-dapres\/\">Cliquez ici pour lire l&rsquo;article depuis sa source.<\/a><\/p>\n","protected":false},"excerpt":{"rendered":"<p>Essaouira \u2013 Essaouira se singularise une fois encore en mettant en place un cycle permanent de concertation et de r\u00e9flexion collective par visioconf\u00e9rence, mobilisant les forces vives de la Cit\u00e9 des Aliz\u00e9s pour pr\u00e9parer et donner ses meilleures chances de succ\u00e8s au \u00ab\u00a0Jour d\u2019Apr\u00e8s\u00a0\u00bb. Initi\u00e9es par l\u2019Association Essaouira-Mogador en partenariat avec le Conseil Provincial du [&hellip;]<\/p>\n","protected":false},"author":1788,"featured_media":0,"comment_status":"closed","ping_status":"closed","sticky":false,"template":"","format":"standard","meta":{"fifu_image_url":"","fifu_image_alt":"","footnotes":""},"categories":[54,76],"tags":[],"class_list":["post-86242","post","type-post","status-publish","format-standard","hentry","category-maroc","category-regions"],"_links":{"self":[{"href":"https:\/\/linitiative.ca\/International\/wp-json\/wp\/v2\/posts\/86242","targetHints":{"allow":["GET"]}}],"collection":[{"href":"https:\/\/linitiative.ca\/International\/wp-json\/wp\/v2\/posts"}],"about":[{"href":"https:\/\/linitiative.ca\/International\/wp-json\/wp\/v2\/types\/post"}],"author":[{"embeddable":true,"href":"https:\/\/linitiative.ca\/International\/wp-json\/wp\/v2\/users\/1788"}],"replies":[{"embeddable":true,"href":"https:\/\/linitiative.ca\/International\/wp-json\/wp\/v2\/comments?post=86242"}],"version-history":[{"count":0,"href":"https:\/\/linitiative.ca\/International\/wp-json\/wp\/v2\/posts\/86242\/revisions"}],"wp:attachment":[{"href":"https:\/\/linitiative.ca\/International\/wp-json\/wp\/v2\/media?parent=86242"}],"wp:term":[{"taxonomy":"category","embeddable":true,"href":"https:\/\/linitiative.ca\/International\/wp-json\/wp\/v2\/categories?post=86242"},{"taxonomy":"post_tag","embeddable":true,"href":"https:\/\/linitiative.ca\/International\/wp-json\/wp\/v2\/tags?post=86242"}],"curies":[{"name":"wp","href":"https:\/\/api.w.org\/{rel}","templated":true}]}}