{"id":86248,"date":"2020-05-21T09:09:55","date_gmt":"2020-05-21T13:09:55","guid":{"rendered":"https:\/\/linitiative.ca\/International\/aid-el-fitr-covid-le-wali-dalger-insiste-sur-limperatif-de-faire-preuve-de-responsabilite\/"},"modified":"2020-05-21T09:09:55","modified_gmt":"2020-05-21T13:09:55","slug":"aid-el-fitr-covid-le-wali-dalger-insiste-sur-limperatif-de-faire-preuve-de-responsabilite","status":"publish","type":"post","link":"https:\/\/linitiative.ca\/International\/aid-el-fitr-covid-le-wali-dalger-insiste-sur-limperatif-de-faire-preuve-de-responsabilite\/","title":{"rendered":"A\u00efd El-Fitr\/Covid: le wali d\u2019Alger insiste sur l\u2019imp\u00e9ratif de faire preuve de responsabilit\u00e9"},"content":{"rendered":"<div readability=\"39\">\n<p><strong>ALGER- Les services de la wilaya d\u2019Alger ont mis en avant, mercredi dans un communiqu\u00e9, l\u2019imp\u00e9ratif de la rigueur dans le sens de responsabilit\u00e9 individuelle et collective et de la vigilance extr\u00eame, en \u00e9vitant toutes les situations susceptibles de contribuer \u00e0 la propagation du nouveau Coronavirus, \u00e0 l\u2019occasion de l\u2019Aid El Fitr.<\/strong><\/p>\n<\/div>\n<div readability=\"65.806841046278\">\n<p>Suite \u00e0 la d\u00e9cision du Premier ministres relative aux mesures compl\u00e9mentaires pour la pr\u00e9vention contre la pand\u00e9mie Covid-19, devant \u00eatre observ\u00e9es \u00e0 l\u2019occasion de l\u2019Aid El-Fitr, le wali d\u2019Alger insiste sur l\u2019imp\u00e9ratif de la rigueur dans le sens de responsabilit\u00e9 individuelle et collective et de la vigilance extr\u00eame, et ce, en \u00e9vitant toutes les situations susceptibles de contribuer \u00e0 la propagation du Coronavirus, notamment les regroupements familiaux et de contacts sociaux, lit-t-on dans le communiqu\u00e9.<\/p>\n<p>Dans ce contexte, le wali d\u2019Alger appelle au respect des mesures de pr\u00e9vention, des r\u00e8gles d\u2019hygi\u00e8ne et de la distanciation sociale, notamment au niveau des espaces publics ferm\u00e9s ou ouverts, tels les magasins, les march\u00e9s et les cimeti\u00e8res, avec obligation du port de masque, en toutes circonstances.L\u2019objectif premier et la finalit\u00e9 de cette mesure est la protection des citoyens et leurs familles contre les cons\u00e9quences de cette pand\u00e9mie mortelle.<\/p>\n<hr\/>\n<h3>Lire aussi: <a href=\"https:\/\/41.110.185.2\/proxy\/300e1382\/http\/www.aps.dz\/algerie\/105239-covid-19-le-confinement-partiel-applicable-de-13h00-a-07h00-durant-les-deux-jours-de-l-aid\" target=\"_blank\" rel=\"noopener noreferrer\">Covid-19: le confinement partiel applicable de 13h00 \u00e0 07h00 durant les deux jours de l&rsquo;Aid<\/a><\/h3>\n<hr\/>\n<blockquote readability=\"13\">\n<p><em><strong>\u00ab\u00a0En application des directives du Pr\u00e9sident de la R\u00e9publique, Monsieur Abdelmadjid Tebboune, lors de la r\u00e9union avec les membres du Comit\u00e9 scientifique de suivi de l\u2019\u00e9volution de la pand\u00e9mie du Coronavirus(COVID-19), le Premier ministre, Monsieur Abdelaziz Djerad a d\u00e9cid\u00e9 la mise en \u0153uvre de mesures compl\u00e9mentaires de pr\u00e9vention \u00e0 observer \u00e0 l\u2019occasion de la f\u00eate de A\u00efd El Fitr\u00a0\u00bb, avait indiqu\u00e9 mardi un communiqu\u00e9 des services du premier minist\u00e8re.<\/strong><\/em><\/p>\n<\/blockquote>\n<p>\u00ab\u00a0Dans ce cadre, un confinement partiel \u00e0 domicile sera applicable de 13h00 jusqu\u2019au lendemain \u00e0 07h00 \u00e0 toutes les wilayas durant les deux (02) jours de la f\u00eate de l&rsquo;A\u00efd El Fitr\u00a0\u00bb, avait pr\u00e9cis\u00e9 la m\u00eame source.\u00a0\u00bbDurant ces deux jours, la circulation de tous les v\u00e9hicules, y compris les motocycles, sera \u00e9galement suspendue entre les wilayas et \u00e0 l\u2019int\u00e9rieur de la wilaya\u00a0\u00bb, ajoute le communiqu\u00e9.<\/p>\n<\/div>\n<p>Auteur:<br \/>\n<a href=\"http:\/\/www.aps.dz\/regions\/105300-aid-el-fitr-coronavirus-le-wali-d-alger-insiste-sur-l-imperatif-de-faire-preuve-de-responsabilite\">Cliquez ici pour lire l&rsquo;article depuis sa source.<\/a><\/p>\n","protected":false},"excerpt":{"rendered":"<p>ALGER- Les services de la wilaya d\u2019Alger ont mis en avant, mercredi dans un communiqu\u00e9, l\u2019imp\u00e9ratif de la rigueur dans le sens de responsabilit\u00e9 individuelle et collective et de la vigilance extr\u00eame, en \u00e9vitant toutes les situations susceptibles de contribuer \u00e0 la propagation du nouveau Coronavirus, \u00e0 l\u2019occasion de l\u2019Aid El Fitr. Suite \u00e0 la [&hellip;]<\/p>\n","protected":false},"author":1790,"featured_media":0,"comment_status":"closed","ping_status":"closed","sticky":false,"template":"","format":"standard","meta":{"fifu_image_url":"","fifu_image_alt":"","footnotes":""},"categories":[53,76],"tags":[],"class_list":["post-86248","post","type-post","status-publish","format-standard","hentry","category-algerie","category-regions"],"_links":{"self":[{"href":"https:\/\/linitiative.ca\/International\/wp-json\/wp\/v2\/posts\/86248","targetHints":{"allow":["GET"]}}],"collection":[{"href":"https:\/\/linitiative.ca\/International\/wp-json\/wp\/v2\/posts"}],"about":[{"href":"https:\/\/linitiative.ca\/International\/wp-json\/wp\/v2\/types\/post"}],"author":[{"embeddable":true,"href":"https:\/\/linitiative.ca\/International\/wp-json\/wp\/v2\/users\/1790"}],"replies":[{"embeddable":true,"href":"https:\/\/linitiative.ca\/International\/wp-json\/wp\/v2\/comments?post=86248"}],"version-history":[{"count":0,"href":"https:\/\/linitiative.ca\/International\/wp-json\/wp\/v2\/posts\/86248\/revisions"}],"wp:attachment":[{"href":"https:\/\/linitiative.ca\/International\/wp-json\/wp\/v2\/media?parent=86248"}],"wp:term":[{"taxonomy":"category","embeddable":true,"href":"https:\/\/linitiative.ca\/International\/wp-json\/wp\/v2\/categories?post=86248"},{"taxonomy":"post_tag","embeddable":true,"href":"https:\/\/linitiative.ca\/International\/wp-json\/wp\/v2\/tags?post=86248"}],"curies":[{"name":"wp","href":"https:\/\/api.w.org\/{rel}","templated":true}]}}