{"id":86252,"date":"2020-05-21T13:14:38","date_gmt":"2020-05-21T17:14:38","guid":{"rendered":"https:\/\/linitiative.ca\/International\/oran-covid19-vers-la-distribution-de-250-000-masques-de-protection-aux-citoyens\/"},"modified":"2020-05-21T13:14:38","modified_gmt":"2020-05-21T17:14:38","slug":"oran-covid19-vers-la-distribution-de-250-000-masques-de-protection-aux-citoyens","status":"publish","type":"post","link":"https:\/\/linitiative.ca\/International\/oran-covid19-vers-la-distribution-de-250-000-masques-de-protection-aux-citoyens\/","title":{"rendered":"Oran-Covid19: vers la distribution de 250.000 masques de protection aux citoyens"},"content":{"rendered":"<p><span class=\"sp-nh-title\">Le peuple sahraoui a r\u00e9ussi \u00e0 conqu\u00e9rir sa place parmi les peuples du monde<\/span> &#8211; <span class=\"sp-nh-date\">jeudi 21 mai 2020 19:05<\/span><\/p>\n<p><span class=\"sp-nh-title\">Des masques distribu\u00e9s gratuitement au profit des personnes vuln\u00e9rables \u00e0 partir du week-end<\/span> &#8211; <span class=\"sp-nh-date\">jeudi 21 mai 2020 18:41<\/span><\/p>\n<p><span class=\"sp-nh-title\">Le Pr\u00e9sident Tebboune re\u00e7oit un appel t\u00e9l\u00e9phonique de son homologue malien<\/span> &#8211; <span class=\"sp-nh-date\">jeudi 21 mai 2020 18:37<\/span><\/p>\n<p><span class=\"sp-nh-title\">Les ministres de la Poste et de l&rsquo;Habitat inspectent l&rsquo;op\u00e9ration de raccordement de la nouvelle ville de Sidi Abdellah au r\u00e9seau internet<\/span> &#8211; <span class=\"sp-nh-date\">jeudi 21 mai 2020 18:28<\/span><\/p>\n<p><span class=\"sp-nh-title\">Les ministres de la Poste et de l&rsquo;Habitat inspectent l&rsquo;op\u00e9ration de raccordement de la nouvelle ville de Sidi Abdellah au r\u00e9seau internet<\/span> &#8211; <span class=\"sp-nh-date\">jeudi 21 mai 2020 18:17<\/span><\/p>\n<p><span class=\"sp-nh-title\">Oran-Covid19: vers la distribution de 250.000 masques de protection aux citoyens<\/span> &#8211; <span class=\"sp-nh-date\">jeudi 21 mai 2020 18:14<\/span><\/p>\n<p><span class=\"sp-nh-title\">Le Pr\u00e9sident Tebboune re\u00e7oit un appel t\u00e9l\u00e9phonique de l\u2019Emir de l\u2019Etat de Qatar<\/span> &#8211; <span class=\"sp-nh-date\">jeudi 21 mai 2020 18:07<\/span><\/p>\n<p><span class=\"sp-nh-title\">Le Pr\u00e9sident Tebboune re\u00e7oit un appel t\u00e9l\u00e9phonique de son homologue mauritanien<\/span> &#8211; <span class=\"sp-nh-date\">jeudi 21 mai 2020 18:06<\/span><\/p>\n<p><span class=\"sp-nh-title\">Les richesses consid\u00e9rables du Sahara Occidental n\u2019ont pas fini d\u2019aiguiser les app\u00e9tits de l\u2019Europe<\/span> &#8211; <span class=\"sp-nh-date\">jeudi 21 mai 2020 17:53<\/span><\/p>\n<p><span class=\"sp-nh-title\">Semences des l\u00e9gumineuses: le r\u00e8glement technique du syst\u00e8me de production fix\u00e9<\/span> &#8211; <span class=\"sp-nh-date\">jeudi 21 mai 2020 17:41<\/span><\/p>\n<p><span class=\"sp-nh-title\">MDN: dix casemates pour terroristes d\u00e9truites \u00e0 Jijel et T\u00e9bessa<\/span> &#8211; <span class=\"sp-nh-date\">jeudi 21 mai 2020 17:41<\/span><\/p>\n<p><span class=\"sp-nh-title\">A\u00efd El Fitr : pr\u00e8s de 43.000 commer\u00e7ants r\u00e9quisitionn\u00e9s pour assurer la permanence<\/span> &#8211; <span class=\"sp-nh-date\">jeudi 21 mai 2020 17:29<\/span><\/p>\n<p><span class=\"sp-nh-title\">Accidents de la route: 878 morts et 8023 bless\u00e9s durant les 4 premiers mois de 2020<\/span> &#8211; <span class=\"sp-nh-date\">jeudi 21 mai 2020 17:26<\/span><\/p>\n<p><span class=\"sp-nh-title\">Le peuple sahraoui a r\u00e9ussi \u00e0 conqu\u00e9rir sa place parmi les peuples du monde<\/span> &#8211; <span class=\"sp-nh-date\">jeudi 21 mai 2020 17:25<\/span><\/p>\n<p><span class=\"sp-nh-title\">A l\u2019approche de l\u2019A\u00efd El fitr \u00e0 Oran, le e-commerce s\u2019impose comme alternative pour faire ses achats<\/span> &#8211; <span class=\"sp-nh-date\">jeudi 21 mai 2020 17:19<\/span><\/p>\n<p><span class=\"sp-nh-title\">Covid-19: les horaires de travail d&rsquo;apr\u00e8s l&rsquo;Aid El Fitr fix\u00e9s<\/span> &#8211; <span class=\"sp-nh-date\">jeudi 21 mai 2020 17:03<\/span><\/p>\n<p><span class=\"sp-nh-title\">Soutien aux artistes: 2217 b\u00e9n\u00e9ficiaires et l&rsquo;op\u00e9ration se poursuit<\/span> &#8211; <span class=\"sp-nh-date\">jeudi 21 mai 2020 17:01<\/span><\/p>\n<p><span class=\"sp-nh-title\">Covid-19 : visite individuelle des cimeti\u00e8res pour \u00e9viter la propagation de la pand\u00e9mie<\/span> &#8211; <span class=\"sp-nh-date\">jeudi 21 mai 2020 17:01<\/span><\/p>\n<p><span class=\"sp-nh-title\">Un projet de d\u00e9cret portant cr\u00e9ation de l\u2019Office national de l&rsquo;agriculture saharienne approuv\u00e9<\/span> &#8211; <span class=\"sp-nh-date\">jeudi 21 mai 2020 16:54<\/span><\/p>\n<p><span class=\"sp-nh-title\">Electricit\u00e9 et gaz : des \u00e9quipes d&rsquo;astreinte mobilis\u00e9es durant l\u2019Aid el-Fitr<\/span> &#8211; <span class=\"sp-nh-date\">jeudi 21 mai 2020 16:30<\/span><\/p>\n<p>Auteur:<br \/>\n<a href=\"http:\/\/www.aps.dz\/regions\/105327-oran-covid-19-vers-la-distribution-de-250-000-masques-de-protection-aux-citoyens\">Cliquez ici pour lire l&rsquo;article depuis sa source.<\/a><\/p>\n","protected":false},"excerpt":{"rendered":"<p>Le peuple sahraoui a r\u00e9ussi \u00e0 conqu\u00e9rir sa place parmi les peuples du monde &#8211; jeudi 21 mai 2020 19:05 Des masques distribu\u00e9s gratuitement au profit des personnes vuln\u00e9rables \u00e0 partir du week-end &#8211; jeudi 21 mai 2020 18:41 Le Pr\u00e9sident Tebboune re\u00e7oit un appel t\u00e9l\u00e9phonique de son homologue malien &#8211; jeudi 21 mai 2020 [&hellip;]<\/p>\n","protected":false},"author":1790,"featured_media":0,"comment_status":"closed","ping_status":"closed","sticky":false,"template":"","format":"standard","meta":{"fifu_image_url":"","fifu_image_alt":"","footnotes":""},"categories":[53,76],"tags":[],"class_list":["post-86252","post","type-post","status-publish","format-standard","hentry","category-algerie","category-regions"],"_links":{"self":[{"href":"https:\/\/linitiative.ca\/International\/wp-json\/wp\/v2\/posts\/86252","targetHints":{"allow":["GET"]}}],"collection":[{"href":"https:\/\/linitiative.ca\/International\/wp-json\/wp\/v2\/posts"}],"about":[{"href":"https:\/\/linitiative.ca\/International\/wp-json\/wp\/v2\/types\/post"}],"author":[{"embeddable":true,"href":"https:\/\/linitiative.ca\/International\/wp-json\/wp\/v2\/users\/1790"}],"replies":[{"embeddable":true,"href":"https:\/\/linitiative.ca\/International\/wp-json\/wp\/v2\/comments?post=86252"}],"version-history":[{"count":0,"href":"https:\/\/linitiative.ca\/International\/wp-json\/wp\/v2\/posts\/86252\/revisions"}],"wp:attachment":[{"href":"https:\/\/linitiative.ca\/International\/wp-json\/wp\/v2\/media?parent=86252"}],"wp:term":[{"taxonomy":"category","embeddable":true,"href":"https:\/\/linitiative.ca\/International\/wp-json\/wp\/v2\/categories?post=86252"},{"taxonomy":"post_tag","embeddable":true,"href":"https:\/\/linitiative.ca\/International\/wp-json\/wp\/v2\/tags?post=86252"}],"curies":[{"name":"wp","href":"https:\/\/api.w.org\/{rel}","templated":true}]}}