{"id":86254,"date":"2020-05-20T19:05:30","date_gmt":"2020-05-20T23:05:30","guid":{"rendered":"https:\/\/linitiative.ca\/International\/sm-le-roi-amir-al-mouminine-commemore-laylat-al-qadr-benie\/"},"modified":"2020-05-20T19:05:30","modified_gmt":"2020-05-20T23:05:30","slug":"sm-le-roi-amir-al-mouminine-commemore-laylat-al-qadr-benie","status":"publish","type":"post","link":"https:\/\/linitiative.ca\/International\/sm-le-roi-amir-al-mouminine-commemore-laylat-al-qadr-benie\/","title":{"rendered":"SM le Roi, Amir Al-Mouminine, comm\u00e9more Laylat Al-Qadr b\u00e9nie"},"content":{"rendered":"<div class=\"single-featured\"><img alt=\"\" data-src=\"http:\/\/www.mapoujda.ma\/map\/uploads\/2020\/05\/SM-le-Roi-comm&#xE9;more-Laylat-Al-Qadr-M750&#xD7;430-MAP.jpg\"\/><\/div>\n<div class=\"entry-content clearfix single-post-content\" readability=\"59\">\n<p class=\"c4\">Sa Majest\u00e9 le Roi Mohammed VI, Amir Al-Mouminine, que Dieu L\u2019assiste, accompagn\u00e9 de SAR le Prince H\u00e9ritier Moulay El Hassan et de SAR le Prince Moulay Rachid, a comm\u00e9mor\u00e9, mercredi 26 Ramadan 1441 de l\u2019H\u00e9gire, correspondant au 20 mai 2020, Laylat Al-Qadr b\u00e9nie.<\/p>\n<p class=\"c4\">A cette occasion religieuse b\u00e9nie, SM le Roi, que Dieu Le pr\u00e9serve, a accompli les pri\u00e8res d\u2019Al-Icha et des Taraouih.<\/p>\n<p class=\"c4\">Le ministre des Habous et des Affaires islamiques a cl\u00f4tur\u00e9 \u00ab\u00a0Sahih Al Boukhari\u00a0\u00bb devant Amir Al-Mouminine.<\/p>\n<p class=\"c4\">Sa Majest\u00e9 le Roi, que Dieu L\u2019assiste, a bien voulu comm\u00e9morer cette nuit b\u00e9nie de cette mani\u00e8re, dans le cadre du respect du confinement sanitaire et des mesures pr\u00e9ventives et de pr\u00e9caution prises par le Royaume, conform\u00e9ment aux Hautes Orientations Royales pour faire face \u00e0 la pand\u00e9mie du coronavirus.<\/p>\n<\/div>\n<p>Auteur: Soufiane ELAHMAR<br \/>\n<a href=\"http:\/\/www.mapoujda.ma\/fr\/sm-le-roi-amir-al-mouminine-commemore-laylat-al-qadr-benie\/\">Cliquez ici pour lire l&rsquo;article depuis sa source.<\/a><\/p>\n","protected":false},"excerpt":{"rendered":"<p>Sa Majest\u00e9 le Roi Mohammed VI, Amir Al-Mouminine, que Dieu L\u2019assiste, accompagn\u00e9 de SAR le Prince H\u00e9ritier Moulay El Hassan et de SAR le Prince Moulay Rachid, a comm\u00e9mor\u00e9, mercredi 26 Ramadan 1441 de l\u2019H\u00e9gire, correspondant au 20 mai 2020, Laylat Al-Qadr b\u00e9nie. A cette occasion religieuse b\u00e9nie, SM le Roi, que Dieu Le pr\u00e9serve, [&hellip;]<\/p>\n","protected":false},"author":1788,"featured_media":86255,"comment_status":"closed","ping_status":"closed","sticky":false,"template":"","format":"standard","meta":{"fifu_image_url":"","fifu_image_alt":"","footnotes":""},"categories":[54,76],"tags":[],"class_list":["post-86254","post","type-post","status-publish","format-standard","has-post-thumbnail","hentry","category-maroc","category-regions"],"_links":{"self":[{"href":"https:\/\/linitiative.ca\/International\/wp-json\/wp\/v2\/posts\/86254","targetHints":{"allow":["GET"]}}],"collection":[{"href":"https:\/\/linitiative.ca\/International\/wp-json\/wp\/v2\/posts"}],"about":[{"href":"https:\/\/linitiative.ca\/International\/wp-json\/wp\/v2\/types\/post"}],"author":[{"embeddable":true,"href":"https:\/\/linitiative.ca\/International\/wp-json\/wp\/v2\/users\/1788"}],"replies":[{"embeddable":true,"href":"https:\/\/linitiative.ca\/International\/wp-json\/wp\/v2\/comments?post=86254"}],"version-history":[{"count":0,"href":"https:\/\/linitiative.ca\/International\/wp-json\/wp\/v2\/posts\/86254\/revisions"}],"wp:featuredmedia":[{"embeddable":true,"href":"https:\/\/linitiative.ca\/International\/wp-json\/"}],"wp:attachment":[{"href":"https:\/\/linitiative.ca\/International\/wp-json\/wp\/v2\/media?parent=86254"}],"wp:term":[{"taxonomy":"category","embeddable":true,"href":"https:\/\/linitiative.ca\/International\/wp-json\/wp\/v2\/categories?post=86254"},{"taxonomy":"post_tag","embeddable":true,"href":"https:\/\/linitiative.ca\/International\/wp-json\/wp\/v2\/tags?post=86254"}],"curies":[{"name":"wp","href":"https:\/\/api.w.org\/{rel}","templated":true}]}}