{"id":86260,"date":"2020-05-21T10:00:00","date_gmt":"2020-05-21T14:00:00","guid":{"rendered":"https:\/\/linitiative.ca\/International\/farouk-ben-mustapha-va-rempiler-pour-deux-ans-avec-le-club-saoudien-nadi-chabab\/"},"modified":"2020-05-21T10:00:00","modified_gmt":"2020-05-21T14:00:00","slug":"farouk-ben-mustapha-va-rempiler-pour-deux-ans-avec-le-club-saoudien-nadi-chabab","status":"publish","type":"post","link":"https:\/\/linitiative.ca\/International\/farouk-ben-mustapha-va-rempiler-pour-deux-ans-avec-le-club-saoudien-nadi-chabab\/","title":{"rendered":"Farouk  Ben Mustapha  va rempiler  pour deux ans avec  le club saoudien, Nadi  Chabab"},"content":{"rendered":"<p class=\"MsoNormal c3\"><span class=\"c2\">Le portier de la s\u00e9lection nationale Farouk Ben Mustapha qui a brill\u00e9 de mille feux dans le championnat saoudien\u00a0o\u00f9 il fut pl\u00e9biscit\u00e9\u00a0meilleur gardien au cours de la saison 2018-2019 ne s&rsquo;est pas toujours, \u00e0 l&rsquo;heure qu&rsquo;il est, s&rsquo;il va ou non rempiler avec son club pour une troisi\u00e8me\u00a0saison cons\u00e9cutive. En effet, dans une r\u00e9cente d\u00e9claration accord\u00e9e \u00e0 la presse sportive saoudienne, il a indiqu\u00e9 q&rsquo;il\u00a0ne s&rsquo;est pas encore sous quelle casque il va \u00e9voluer la saison prochaine. Mais tout en n&rsquo;\u00e9cartant pas la possibilit\u00e9 de retrouver\u00a0le championnat tunisien,il a pr\u00e9cis\u00e9 qu&rsquo;il accorde la priorit\u00e9 \u00e0 Nadi Chabab au cas o\u00f9\u00a0 celui-ci d\u00e9sire que je poursuive ma carri\u00e8re dans ses rangs.\u00a0<\/span><\/p>\n<p class=\"MsoNormal c5\"><span class=\"c4\">Il y a lieu de noter que des sources officieuses laissent entendre que Farouk Ben Mustapha qui int\u00e9resse\u00a0un club saoudien de premier\u00a0plan serait aussi dans le viseur de l&rsquo;Esp\u00e9rance de Tunis et de l&rsquo;ES Sahel.\u00a0<\/span><\/p>\n<p class=\"MsoNormal c5\"><span class=\"c4\">Mais, \u00e0 la derni\u00e8re minute (la nouvelle vient de tomber), nous apprenons que Farouk Ben Mustapha va rester l\u00e0 o\u00f9 il est, \u00e0 Nadi Chabab. En effet son club vient\u00a0 de lui proposer un nouveau contrat\u00a0 de deux ans suppl\u00e9mentaires.<\/span><\/p>\n<p class=\"MsoNormal c3\"><span class=\"c6\">\u00a0<\/span><\/p>\n<p class=\"MsoNormal c8\"><span class=\"c6\"><span class=\"c7\">\u00a0\u00a0\u00a0\u00a0\u00a0\u00a0\u00a0\u00a0\u00a0\u00a0\u00a0\u00a0\u00a0\u00a0\u00a0\u00a0\u00a0\u00a0\u00a0\u00a0\u00a0\u00a0\u00a0\u00a0\u00a0\u00a0\u00a0\u00a0\u00a0\u00a0\u00a0\u00a0\u00a0\u00a0\u00a0\u00a0\u00a0\u00a0\u00a0\u00a0\u00a0\u00a0\u00a0\u00a0\u00a0\u00a0\u00a0\u00a0\u00a0\u00a0\u00a0\u00a0\u00a0\u00a0\u00a0\u00a0\u00a0\u00a0\u00a0\u00a0\u00a0\u00a0\u00a0\u00a0\u00a0\u00a0\u00a0\u00a0\u00a0\u00a0<\/span> <strong>Ameur KERKENNI<\/strong><\/span><\/p>\n<p>Auteur: letemps1<br \/>\n<a href=\"http:\/\/www.letemps.com.tn\/article\/114070\/farouk-ben-mustapha-va-rempiler-pour-deux-ans-avec-le-club-saoudien-nadi-chabab\">Cliquez ici pour lire l&rsquo;article depuis sa source.<\/a><\/p>\n","protected":false},"excerpt":{"rendered":"<p>Le portier de la s\u00e9lection nationale Farouk Ben Mustapha qui a brill\u00e9 de mille feux dans le championnat saoudien\u00a0o\u00f9 il fut pl\u00e9biscit\u00e9\u00a0meilleur gardien au cours de la saison 2018-2019 ne s&rsquo;est pas toujours, \u00e0 l&rsquo;heure qu&rsquo;il est, s&rsquo;il va ou non rempiler avec son club pour une troisi\u00e8me\u00a0saison cons\u00e9cutive. En effet, dans une r\u00e9cente d\u00e9claration [&hellip;]<\/p>\n","protected":false},"author":1773,"featured_media":0,"comment_status":"closed","ping_status":"closed","sticky":false,"template":"","format":"standard","meta":{"fifu_image_url":"","fifu_image_alt":"","footnotes":""},"categories":[73,55],"tags":[],"class_list":["post-86260","post","type-post","status-publish","format-standard","hentry","category-actualite","category-tunisie"],"_links":{"self":[{"href":"https:\/\/linitiative.ca\/International\/wp-json\/wp\/v2\/posts\/86260","targetHints":{"allow":["GET"]}}],"collection":[{"href":"https:\/\/linitiative.ca\/International\/wp-json\/wp\/v2\/posts"}],"about":[{"href":"https:\/\/linitiative.ca\/International\/wp-json\/wp\/v2\/types\/post"}],"author":[{"embeddable":true,"href":"https:\/\/linitiative.ca\/International\/wp-json\/wp\/v2\/users\/1773"}],"replies":[{"embeddable":true,"href":"https:\/\/linitiative.ca\/International\/wp-json\/wp\/v2\/comments?post=86260"}],"version-history":[{"count":0,"href":"https:\/\/linitiative.ca\/International\/wp-json\/wp\/v2\/posts\/86260\/revisions"}],"wp:attachment":[{"href":"https:\/\/linitiative.ca\/International\/wp-json\/wp\/v2\/media?parent=86260"}],"wp:term":[{"taxonomy":"category","embeddable":true,"href":"https:\/\/linitiative.ca\/International\/wp-json\/wp\/v2\/categories?post=86260"},{"taxonomy":"post_tag","embeddable":true,"href":"https:\/\/linitiative.ca\/International\/wp-json\/wp\/v2\/tags?post=86260"}],"curies":[{"name":"wp","href":"https:\/\/api.w.org\/{rel}","templated":true}]}}