{"id":86261,"date":"2020-05-21T10:00:00","date_gmt":"2020-05-21T14:00:00","guid":{"rendered":"https:\/\/linitiative.ca\/International\/on-nen-finit-pas-avec-la-finale-est-wac\/"},"modified":"2020-05-21T10:00:00","modified_gmt":"2020-05-21T14:00:00","slug":"on-nen-finit-pas-avec-la-finale-est-wac","status":"publish","type":"post","link":"https:\/\/linitiative.ca\/International\/on-nen-finit-pas-avec-la-finale-est-wac\/","title":{"rendered":"On n\u2019en finit pas avec la finale EST-WAC !"},"content":{"rendered":"<p class=\"MsoNormal c5\"><span class=\"c3\"><span class=\"c2\">\u00a0<\/span><\/span><span class=\"c4\">Le Tribunal Arbitral du Sport (TAS) aura \u00e0 se pencher \u00e0 la fin de ce mois de mai sur l\u2019affaire du match retour de la Ligue africaine des champions africaine de\u2026 2018-2019. Finale remport\u00e9e par l\u2019Esp\u00e9rance Sportive de Tunis vainqueur du Wydad de Casablanca. Cette audience a \u00e9t\u00e9<span class=\"c2\">\u00a0<\/span> fix\u00e9e<span class=\"c2\">\u00a0\u00a0<\/span> au vendredi 29 mai.<\/span><\/p>\n<p class=\"MsoNormal c6\"><span class=\"c4\"><span class=\"c2\">\u00a0\u00a0\u00a0\u00a0\u00a0<\/span> Dans la longue histoire de la Conf\u00e9d\u00e9ration africaine de football aucune<span class=\"c2\">\u00a0<\/span> finale de la Ligue africaine des clubs champions n\u2019a fait autant de vagues. Par la faute des responsables marocains qui tiennent, co\u00fbte que co\u00fbte, \u00e0 obtenir gain de cause<\/span><\/p>\n<p class=\"MsoNormal c6\"><span class=\"c4\"><span class=\"c2\">\u00a0\u00a0\u00a0<\/span> A titre de rappel, ledit<span class=\"c2\">\u00a0<\/span> match a \u00e9t\u00e9 arr\u00eat\u00e9<span class=\"c2\">\u00a0<\/span> durant plus d\u2019une heure sans aller au bout de sa fin. Les joueurs du WA Casablanca refusant de reprendre le jeu avec la complicit\u00e9 de ses responsables. L\u2019Esp\u00e9rance ST<span class=\"c2\">\u00a0<\/span> est d\u00e9clar\u00e9e vainqueur au terme S\u2019en suit d\u2019une longue p\u00e9riode de cafouillage r\u00e9glementaire.<span class=\"c2\">\u00a0<\/span><\/span><\/p>\n<p class=\"MsoNormal c6\"><span class=\"c4\"><span class=\"c2\">\u00a0\u00a0\u00a0\u00a0<\/span> Le comit\u00e9 ex\u00e9cutif de la CAF ordonne en effet aux deux clubs de rejouer le match retour de cette finale sur terrain neutre. Le WAC et l\u2019Esp\u00e9rance sportive de Tunis contestent cette d\u00e9cision et saisissent le Tribunal arbitral du sport (TAS).<\/span><\/p>\n<p class=\"MsoNormal c6\"><span class=\"c4\"><span class=\"c2\">\u00a0\u00a0\u00a0\u00a0\u00a0<\/span> Le Wydad Casablanca avait fait appel de la d\u00e9cision de la commission de discipline de la Conf\u00e9d\u00e9ration Africaine de Football accordant le titre \u00e0 l\u2019Esp\u00e9rance Sportive de Tunis apr\u00e8s le retrait du terrain des joueurs du Wydad et leur refus de reprendre le match \u00e0 la suite d\u2019un but annul\u00e9, but qu\u2019ils estiment r\u00e9gulier. <span class=\"c2\">\u00a0\u00a0\u00a0\u00a0\u00a0\u00a0\u00a0\u00a0\u00a0\u00a0\u00a0\u00a0\u00a0\u00a0\u00a0\u00a0\u00a0\u00a0\u00a0\u00a0\u00a0\u00a0\u00a0\u00a0\u00a0\u00a0\u00a0\u00a0\u00a0\u00a0\u00a0\u00a0\u00a0\u00a0\u00a0\u00a0\u00a0\u00a0\u00a0\u00a0\u00a0\u00a0\u00a0\u00a0\u00a0\u00a0\u00a0\u00a0\u00a0\u00a0\u00a0\u00a0\u00a0\u00a0\u00a0<\/span><\/span><\/p>\n<p class=\"MsoNormal c8\"><strong><span class=\"c7\">R.<span class=\"c2\">\u00a0<\/span> B. A<\/span><\/strong><\/p>\n<p>Auteur: letemps1<br \/>\n<a href=\"http:\/\/www.letemps.com.tn\/article\/114071\/n%E2%80%99en-finit-pas-avec-la-finale-est-wac\">Cliquez ici pour lire l&rsquo;article depuis sa source.<\/a><\/p>\n","protected":false},"excerpt":{"rendered":"<p>\u00a0Le Tribunal Arbitral du Sport (TAS) aura \u00e0 se pencher \u00e0 la fin de ce mois de mai sur l\u2019affaire du match retour de la Ligue africaine des champions africaine de\u2026 2018-2019. Finale remport\u00e9e par l\u2019Esp\u00e9rance Sportive de Tunis vainqueur du Wydad de Casablanca. Cette audience a \u00e9t\u00e9\u00a0 fix\u00e9e\u00a0\u00a0 au vendredi 29 mai. \u00a0\u00a0\u00a0\u00a0\u00a0 Dans [&hellip;]<\/p>\n","protected":false},"author":1773,"featured_media":0,"comment_status":"closed","ping_status":"closed","sticky":false,"template":"","format":"standard","meta":{"fifu_image_url":"","fifu_image_alt":"","footnotes":""},"categories":[73,55],"tags":[],"class_list":["post-86261","post","type-post","status-publish","format-standard","hentry","category-actualite","category-tunisie"],"_links":{"self":[{"href":"https:\/\/linitiative.ca\/International\/wp-json\/wp\/v2\/posts\/86261","targetHints":{"allow":["GET"]}}],"collection":[{"href":"https:\/\/linitiative.ca\/International\/wp-json\/wp\/v2\/posts"}],"about":[{"href":"https:\/\/linitiative.ca\/International\/wp-json\/wp\/v2\/types\/post"}],"author":[{"embeddable":true,"href":"https:\/\/linitiative.ca\/International\/wp-json\/wp\/v2\/users\/1773"}],"replies":[{"embeddable":true,"href":"https:\/\/linitiative.ca\/International\/wp-json\/wp\/v2\/comments?post=86261"}],"version-history":[{"count":0,"href":"https:\/\/linitiative.ca\/International\/wp-json\/wp\/v2\/posts\/86261\/revisions"}],"wp:attachment":[{"href":"https:\/\/linitiative.ca\/International\/wp-json\/wp\/v2\/media?parent=86261"}],"wp:term":[{"taxonomy":"category","embeddable":true,"href":"https:\/\/linitiative.ca\/International\/wp-json\/wp\/v2\/categories?post=86261"},{"taxonomy":"post_tag","embeddable":true,"href":"https:\/\/linitiative.ca\/International\/wp-json\/wp\/v2\/tags?post=86261"}],"curies":[{"name":"wp","href":"https:\/\/api.w.org\/{rel}","templated":true}]}}