{"id":86263,"date":"2020-05-21T10:00:00","date_gmt":"2020-05-21T14:00:00","guid":{"rendered":"https:\/\/linitiative.ca\/International\/le-nom-du-nouvel-entraineur-sera-divulgue-la-semaine-prochaine\/"},"modified":"2020-05-21T10:00:00","modified_gmt":"2020-05-21T14:00:00","slug":"le-nom-du-nouvel-entraineur-sera-divulgue-la-semaine-prochaine","status":"publish","type":"post","link":"https:\/\/linitiative.ca\/International\/le-nom-du-nouvel-entraineur-sera-divulgue-la-semaine-prochaine\/","title":{"rendered":"Le  nom du nouvel entraineur sera divulgu\u00e9 la semaine prochaine"},"content":{"rendered":"<p class=\"MsoNormal\">Le dossier le plus impactant sur lequel travaille activement en ce moment la direction de l\u2019Etoile, est sans aucun doute celui du prochain entraineur de l\u2019\u00e9quipe, un v\u00e9ritable homme de la situation entenant compte des diff\u00e9rents param\u00e8tres contextuels du club\u00a0: Un nouveau cycle, une jeune g\u00e9n\u00e9ration de joueurs, indisponibilit\u00e9 du stade olympique de Sousse\u2026<\/p>\n<p class=\"MsoNormal\">Plusieurs noms ont \u00e9t\u00e9 cit\u00e9s ces derniers temps dont notamment l\u2019omnipr\u00e9sent Roger Lemerre \u00e9voqu\u00e9 syst\u00e9matiquement \u00e0 chaque p\u00e9riode o\u00f9 l\u2019Etoile est \u00e0 la recherche d\u2019un entraineur. Certains \u00e9chos font \u00e9tat de contacts \u00e9tablis depuis la semaine pass\u00e9e entre le pr\u00e9sident du club et le technicien fran\u00e7ais, et m\u00eame d\u2019une reconstitution du tandem Lemerre-Mhammedi.<\/p>\n<p class=\"MsoNormal\"><span class=\"c2\">\u00a0<\/span>Finalement, ce ne sont que des rumeurs de l\u2019aveu du pr\u00e9sident de la section football de l\u2019ESS, <span class=\"c2\">\u00a0<\/span>Chokri L\u00e2amiri<\/p>\n<p class=\"MsoNormal\"><em>\u00a0\u00ab\u00a0Je le confirme, il n\u2019y a pas eu de contacts avec Roger, c\u2019est une information d\u00e9nu\u00e9e de tout fondement. Notre approche pour l\u2019\u00e9tape \u00e0 venir est de construire une \u00e9quipe sur des bases solides, en misant sur les jeunes du vivier de l\u2019Etoile qui sont p\u00e9tris de talents et qui piaffent d\u2019impatience pour montrer leur potentiel ind\u00e9niable. Roger Lemerre ne peut pas \u00eatre le profil idoine pour l\u2019\u00e9tape \u00e0 venir, puisque nous voulons mettre en place un v\u00e9ritable projet qui s\u2019\u00e9tale sur les trois \u00e0 venir. A ce sujet, nous comptons opter pour un entraineur-formateur \u00e9tranger de grande envergure dont le nom sera divulgu\u00e9 d\u2019ici la semaine prochaine et qui sera l\u00e0 pour trois ans pour \u00eatre la pierre angulaire de ce projet qu\u2019on veut mettre en place \u00e0 l\u2019Etoile. D\u2019ailleurs, on pense s\u00e9rieusement ne pas inclure de clause lib\u00e9ratoire dans son bail\u00a0\u00bb.<\/em><\/p>\n<p class=\"MsoNormal\"><strong>Prompt r\u00e9tablissement \u00e0 Zoubeir Baya\u00a0!<\/strong><\/p>\n<p class=\"MsoNormal\">Le joueur l\u00e9gendaire de l\u2019Etoile Zoubeir Baya a subi mardi une intervention chirurgicale au niveau de sa m\u00e2choire. A cette occasion, nous souhaitons un prompt r\u00e9tablissement \u00e0 l\u2019ancien capitaine adul\u00e9 de l\u2019ESS.<\/p>\n<p class=\"MsoNormal c4\"><strong><span class=\"c3\">Hatem REGAIEG<\/span><\/strong><\/p>\n<p>Auteur: letemps1<br \/>\n<a href=\"http:\/\/www.letemps.com.tn\/article\/114073\/le-nom-du-nouvel-entraineur-sera-divulgu%C3%A9-la-semaine-prochaine\">Cliquez ici pour lire l&rsquo;article depuis sa source.<\/a><\/p>\n","protected":false},"excerpt":{"rendered":"<p>Le dossier le plus impactant sur lequel travaille activement en ce moment la direction de l\u2019Etoile, est sans aucun doute celui du prochain entraineur de l\u2019\u00e9quipe, un v\u00e9ritable homme de la situation entenant compte des diff\u00e9rents param\u00e8tres contextuels du club\u00a0: Un nouveau cycle, une jeune g\u00e9n\u00e9ration de joueurs, indisponibilit\u00e9 du stade olympique de Sousse\u2026 Plusieurs [&hellip;]<\/p>\n","protected":false},"author":1773,"featured_media":0,"comment_status":"closed","ping_status":"closed","sticky":false,"template":"","format":"standard","meta":{"fifu_image_url":"","fifu_image_alt":"","footnotes":""},"categories":[73,55],"tags":[],"class_list":["post-86263","post","type-post","status-publish","format-standard","hentry","category-actualite","category-tunisie"],"_links":{"self":[{"href":"https:\/\/linitiative.ca\/International\/wp-json\/wp\/v2\/posts\/86263","targetHints":{"allow":["GET"]}}],"collection":[{"href":"https:\/\/linitiative.ca\/International\/wp-json\/wp\/v2\/posts"}],"about":[{"href":"https:\/\/linitiative.ca\/International\/wp-json\/wp\/v2\/types\/post"}],"author":[{"embeddable":true,"href":"https:\/\/linitiative.ca\/International\/wp-json\/wp\/v2\/users\/1773"}],"replies":[{"embeddable":true,"href":"https:\/\/linitiative.ca\/International\/wp-json\/wp\/v2\/comments?post=86263"}],"version-history":[{"count":0,"href":"https:\/\/linitiative.ca\/International\/wp-json\/wp\/v2\/posts\/86263\/revisions"}],"wp:attachment":[{"href":"https:\/\/linitiative.ca\/International\/wp-json\/wp\/v2\/media?parent=86263"}],"wp:term":[{"taxonomy":"category","embeddable":true,"href":"https:\/\/linitiative.ca\/International\/wp-json\/wp\/v2\/categories?post=86263"},{"taxonomy":"post_tag","embeddable":true,"href":"https:\/\/linitiative.ca\/International\/wp-json\/wp\/v2\/tags?post=86263"}],"curies":[{"name":"wp","href":"https:\/\/api.w.org\/{rel}","templated":true}]}}