{"id":86264,"date":"2020-05-21T10:00:00","date_gmt":"2020-05-21T14:00:00","guid":{"rendered":"https:\/\/linitiative.ca\/International\/calendrier-de-la-suite-du-championnat-et-de-la-coupe-de-tunisie\/"},"modified":"2020-05-21T10:00:00","modified_gmt":"2020-05-21T14:00:00","slug":"calendrier-de-la-suite-du-championnat-et-de-la-coupe-de-tunisie","status":"publish","type":"post","link":"https:\/\/linitiative.ca\/International\/calendrier-de-la-suite-du-championnat-et-de-la-coupe-de-tunisie\/","title":{"rendered":"Calendrier de la suite du Championnat et de la Coupe de Tunisie"},"content":{"rendered":"<p class=\"MsoNormal c3\"><span class=\"c2\">La F\u00e9d\u00e9ration\u00a0Tunisienne de basket-ball vient de communiquer le calendrier suivant concernant la suite du championnat et de la coupe de Tunisie.<\/span><\/p>\n<p class=\"MsoNormal c3\"><span class=\"c2\">\u00a0<\/span><\/p>\n<p class=\"MsoNormal c3\"><em><span class=\"c2\">1er ao\u00fbt: Demi-finale aller du championnat<\/span><\/em><\/p>\n<p class=\"MsoNormal c3\"><em><span class=\"c2\">8 ao\u00fbt: Demi-finale retour du championnat<\/span><\/em><\/p>\n<p class=\"MsoNormal c3\"><em><span class=\"c2\">12 ao\u00fbt: Match d&rsquo;appui de demi-finales du championnat<\/span><\/em><\/p>\n<p class=\"MsoNormal c3\"><em><span class=\"c2\">16 ao\u00fbt: Demi-finales de la coupe de Tunisie<\/span><\/em><\/p>\n<p class=\"MsoNormal c3\"><em><span class=\"c2\">22 ao\u00fbt :Finale aller du championnat<\/span><\/em><\/p>\n<p class=\"MsoNormal c3\"><em><span class=\"c2\">26 ao\u00fbt : Finale retour du championnat<\/span><\/em><\/p>\n<p class=\"MsoNormal c3\"><em><span class=\"c2\">30 ao\u00fbt; Match d&rsquo;appui finale championnat<\/span><\/em><\/p>\n<p class=\"MsoNormal c3\"><em><span class=\"c2\">5 septembre: Finale de la coupe de Tunisie<\/span><\/em><\/p>\n<p class=\"MsoNormal c3\"><em><span class=\"c2\">\u00a0<\/span><\/em><\/p>\n<p class=\"MsoNormal c3\"><span class=\"c2\">Il y a lieu de rappeler que l&rsquo;instance nationale tunisienne de la balle orange a propos\u00e9, dans un premier temps, une date se\u00a0situant \u00e0 mi juin pour la reprise de la comp\u00e9tition laquelle date\u00a0 n&rsquo;a pas re\u00e7u l&rsquo;aval des autorit\u00e9s publiques, ce qui a amen\u00e9 la FTBB \u00e0 reporter la reprise de la comp\u00e9tition au d\u00e9but du mois d&rsquo;ao\u00fbt.<\/span><\/p>\n<p class=\"MsoNormal c3\"><span class=\"c2\">\u00a0Notons par ailleurs que la date de la reprise des entra\u00eenements avec des mesures sanitaires strictes a \u00e9t\u00e9 fix\u00e9e pour le 14 juin.<\/span><\/p>\n<p class=\"MsoNormal c3\"><span class=\"c4\">\u00a0<\/span><\/p>\n<p class=\"MsoNormal c6\"><span class=\"c4\"><span class=\"c5\">\u00a0\u00a0\u00a0\u00a0\u00a0\u00a0\u00a0\u00a0\u00a0\u00a0\u00a0\u00a0\u00a0\u00a0\u00a0\u00a0\u00a0\u00a0\u00a0\u00a0\u00a0\u00a0\u00a0\u00a0\u00a0\u00a0\u00a0\u00a0\u00a0\u00a0\u00a0\u00a0\u00a0\u00a0\u00a0\u00a0\u00a0\u00a0\u00a0\u00a0\u00a0\u00a0\u00a0\u00a0\u00a0\u00a0\u00a0\u00a0\u00a0\u00a0\u00a0\u00a0\u00a0\u00a0\u00a0\u00a0\u00a0\u00a0\u00a0\u00a0\u00a0\u00a0\u00a0\u00a0\u00a0\u00a0\u00a0\u00a0\u00a0\u00a0\u00a0\u00a0\u00a0\u00a0\u00a0\u00a0\u00a0\u00a0\u00a0\u00a0\u00a0\u00a0\u00a0\u00a0\u00a0\u00a0\u00a0\u00a0\u00a0\u00a0\u00a0\u00a0\u00a0<\/span> <strong>Ameur KERKENNI<\/strong><\/span><\/p>\n<p>Auteur: letemps1<br \/>\n<a href=\"http:\/\/www.letemps.com.tn\/article\/114074\/calendrier-de-la-suite-du-championnat-et-de-la-coupe-de-tunisie\">Cliquez ici pour lire l&rsquo;article depuis sa source.<\/a><\/p>\n","protected":false},"excerpt":{"rendered":"<p>La F\u00e9d\u00e9ration\u00a0Tunisienne de basket-ball vient de communiquer le calendrier suivant concernant la suite du championnat et de la coupe de Tunisie. \u00a0 1er ao\u00fbt: Demi-finale aller du championnat 8 ao\u00fbt: Demi-finale retour du championnat 12 ao\u00fbt: Match d&rsquo;appui de demi-finales du championnat 16 ao\u00fbt: Demi-finales de la coupe de Tunisie 22 ao\u00fbt :Finale aller du [&hellip;]<\/p>\n","protected":false},"author":1773,"featured_media":0,"comment_status":"closed","ping_status":"closed","sticky":false,"template":"","format":"standard","meta":{"fifu_image_url":"","fifu_image_alt":"","footnotes":""},"categories":[73,55],"tags":[],"class_list":["post-86264","post","type-post","status-publish","format-standard","hentry","category-actualite","category-tunisie"],"_links":{"self":[{"href":"https:\/\/linitiative.ca\/International\/wp-json\/wp\/v2\/posts\/86264","targetHints":{"allow":["GET"]}}],"collection":[{"href":"https:\/\/linitiative.ca\/International\/wp-json\/wp\/v2\/posts"}],"about":[{"href":"https:\/\/linitiative.ca\/International\/wp-json\/wp\/v2\/types\/post"}],"author":[{"embeddable":true,"href":"https:\/\/linitiative.ca\/International\/wp-json\/wp\/v2\/users\/1773"}],"replies":[{"embeddable":true,"href":"https:\/\/linitiative.ca\/International\/wp-json\/wp\/v2\/comments?post=86264"}],"version-history":[{"count":0,"href":"https:\/\/linitiative.ca\/International\/wp-json\/wp\/v2\/posts\/86264\/revisions"}],"wp:attachment":[{"href":"https:\/\/linitiative.ca\/International\/wp-json\/wp\/v2\/media?parent=86264"}],"wp:term":[{"taxonomy":"category","embeddable":true,"href":"https:\/\/linitiative.ca\/International\/wp-json\/wp\/v2\/categories?post=86264"},{"taxonomy":"post_tag","embeddable":true,"href":"https:\/\/linitiative.ca\/International\/wp-json\/wp\/v2\/tags?post=86264"}],"curies":[{"name":"wp","href":"https:\/\/api.w.org\/{rel}","templated":true}]}}