{"id":86271,"date":"2020-05-21T15:13:38","date_gmt":"2020-05-21T19:13:38","guid":{"rendered":"https:\/\/linitiative.ca\/International\/international-psg-lemir-du-qatar-seduit-par-bennacer\/"},"modified":"2020-05-21T15:13:38","modified_gmt":"2020-05-21T19:13:38","slug":"international-psg-lemir-du-qatar-seduit-par-bennacer","status":"publish","type":"post","link":"https:\/\/linitiative.ca\/International\/international-psg-lemir-du-qatar-seduit-par-bennacer\/","title":{"rendered":"International : PSG: L&rsquo;Emir du Qatar s\u00e9duit par Bennacer"},"content":{"rendered":"<div readability=\"32\">\n<p>Auteur : <span>Riad O.<\/span> <span class=\"time\">jeudi 21 mai 2020 12:51<\/span><\/p>\n<\/div>\n<div id=\"post_core\" readability=\"46\">\n<p>Restera, restera pas au Milan AC la saison prochaine\u00a0? Auteur d\u2019une bonne saison avec le club lombard, le tr\u00e8s technique joueur milieu de terrain de l\u2019EN, Isma\u00ebl Bennacer attire les convoitises de plusieurs cadors europ\u00e9ens. C\u2019est ainsi que le Paris Saint Germain et Manchester City seraient tr\u00e8s tent\u00e9s de l\u2019enr\u00f4ler d\u00e8s cet \u00e9t\u00e9. D\u2019ailleurs, le directeur sportif du PSG, Leonardo \u00a0est m\u00eame d\u00e9j\u00e0 pass\u00e9 \u00e0 l&rsquo;action pour pouvoir s&rsquo;attacher les services de Bennacer en proposant \u00a030M\u20ac au Milan AC pour qu&rsquo;il lui c\u00e8de son jeune talent de 22 ans. Et selon le m\u00e9dia fran\u00e7ais, Foot Mercato, Bennacer ferait d\u00e9j\u00e0 l\u2019unanimit\u00e9 au PSG. La m\u00eame source a expliqu\u00e9 que l\u2019Emir du Qatar, Tamim ben Hamad Al Thani, en personne, aurait une tr\u00e8s haute estime envers Bennacer. C\u2019est ce qui pourrait constituer un grand plus pour la direction du PSG afin de finaliser ce dossier tr\u00e8s compliqu\u00e9, vu que le Milan AC n\u2019a gu\u00e8re l\u2019intention de se passer des services de ce son jeune prodige Alg\u00e9rien.<\/p>\n<p><strong>Publi\u00e9 dans :<\/strong> <span>BENNACER<\/span><\/p>\n<\/div>\n<p>Auteur:<br \/>\n<a href=\"http:\/\/www.lebuteur.com\/article\/detail?titre=psg-lemir-du-qatar-seduit-par-bennacer&#038;id=96013&#038;utm_source=feedburner&#038;utm_medium=feed&#038;utm_campaign=Feed%3A+GalerieFArtciles+%28Les+derniers+articles++-+lebuteur.com%29\">Cliquez ici pour lire l&rsquo;article depuis sa source.<\/a><\/p>\n","protected":false},"excerpt":{"rendered":"<p>Auteur : Riad O. jeudi 21 mai 2020 12:51 Restera, restera pas au Milan AC la saison prochaine\u00a0? Auteur d\u2019une bonne saison avec le club lombard, le tr\u00e8s technique joueur milieu de terrain de l\u2019EN, Isma\u00ebl Bennacer attire les convoitises de plusieurs cadors europ\u00e9ens. C\u2019est ainsi que le Paris Saint Germain et Manchester City seraient [&hellip;]<\/p>\n","protected":false},"author":1738,"featured_media":86272,"comment_status":"closed","ping_status":"closed","sticky":false,"template":"","format":"standard","meta":{"fifu_image_url":"","fifu_image_alt":"","footnotes":""},"categories":[53,75],"tags":[],"class_list":["post-86271","post","type-post","status-publish","format-standard","has-post-thumbnail","hentry","category-algerie","category-sport"],"_links":{"self":[{"href":"https:\/\/linitiative.ca\/International\/wp-json\/wp\/v2\/posts\/86271","targetHints":{"allow":["GET"]}}],"collection":[{"href":"https:\/\/linitiative.ca\/International\/wp-json\/wp\/v2\/posts"}],"about":[{"href":"https:\/\/linitiative.ca\/International\/wp-json\/wp\/v2\/types\/post"}],"author":[{"embeddable":true,"href":"https:\/\/linitiative.ca\/International\/wp-json\/wp\/v2\/users\/1738"}],"replies":[{"embeddable":true,"href":"https:\/\/linitiative.ca\/International\/wp-json\/wp\/v2\/comments?post=86271"}],"version-history":[{"count":0,"href":"https:\/\/linitiative.ca\/International\/wp-json\/wp\/v2\/posts\/86271\/revisions"}],"wp:featuredmedia":[{"embeddable":true,"href":"https:\/\/linitiative.ca\/International\/wp-json\/"}],"wp:attachment":[{"href":"https:\/\/linitiative.ca\/International\/wp-json\/wp\/v2\/media?parent=86271"}],"wp:term":[{"taxonomy":"category","embeddable":true,"href":"https:\/\/linitiative.ca\/International\/wp-json\/wp\/v2\/categories?post=86271"},{"taxonomy":"post_tag","embeddable":true,"href":"https:\/\/linitiative.ca\/International\/wp-json\/wp\/v2\/tags?post=86271"}],"curies":[{"name":"wp","href":"https:\/\/api.w.org\/{rel}","templated":true}]}}