{"id":86275,"date":"2020-05-21T07:00:00","date_gmt":"2020-05-21T11:00:00","guid":{"rendered":"https:\/\/linitiative.ca\/International\/la-circulation-sera-suspendue-pour-tous-les-vehicules-y-compris-les-motocycles-durant-les-deux-jours-de-laid-pm\/"},"modified":"2020-05-21T07:00:00","modified_gmt":"2020-05-21T11:00:00","slug":"la-circulation-sera-suspendue-pour-tous-les-vehicules-y-compris-les-motocycles-durant-les-deux-jours-de-laid-pm","status":"publish","type":"post","link":"https:\/\/linitiative.ca\/International\/la-circulation-sera-suspendue-pour-tous-les-vehicules-y-compris-les-motocycles-durant-les-deux-jours-de-laid-pm\/","title":{"rendered":"La circulation sera suspendue pour tous les v\u00e9hicules, y compris les motocycles, durant les deux jours de l&rsquo;Aid ( PM)"},"content":{"rendered":"<p>A la suite des demandes de pr\u00e9cisions soulev\u00e9es autour des mesures compl\u00e9mentaires de pr\u00e9vention, d\u00e9cid\u00e9es par Monsieur le Premier Ministre \u00e0 l\u2019occasion la f\u00eate de A\u00efd El Fitr, pour ce qui est des restrictions sur la circulation des v\u00e9hicules, les services du Premier Ministre apportent les clarifications suivantes\u00a0:<\/p>\n<p>La circulation sera suspendue pour tous les v\u00e9hicules, y compris les motocycles, durant toute la journ\u00e9e du 1er jour et du 2\u00e8me jour de la f\u00eate de A\u00efd El Fitr. Cette mesure concerne l\u2019ensemble des wilayas et demeure applicable,\u00a0y compris en dehors des heures de confinement partiel \u00e0 domicile, pr\u00e9vu de 13h00 jusqu\u2019au lendemain \u00e0 07h00., a\u00a0 pr\u00e9cis\u00e9 le document .<\/p>\n<p>\u00ab\u00a0Ces mesures, qui interviennent dans le cadre du dispositif sanitaire national, visent essentiellement \u00e0 r\u00e9duire au maximum la mobilit\u00e9 des personnes et les regroupements qu\u2019elle peut engendrer ainsi que toutes les situations qui favorisent la propagation de l\u2019\u00e9pid\u00e9mie du Coronavirus\u00a0\u00bb a rappel\u00e9 le Premier ministere .<\/p>\n<p>*R\u00e9daction Web .<\/p>\n<p>Auteur: elmoudjahid<br \/>\n<a href=\"http:\/\/www.elmoudjahid.com\/fr\/actualites\/153704\">Cliquez ici pour lire l&rsquo;article depuis sa source.<\/a><\/p>\n","protected":false},"excerpt":{"rendered":"<p>A la suite des demandes de pr\u00e9cisions soulev\u00e9es autour des mesures compl\u00e9mentaires de pr\u00e9vention, d\u00e9cid\u00e9es par Monsieur le Premier Ministre \u00e0 l\u2019occasion la f\u00eate de A\u00efd El Fitr, pour ce qui est des restrictions sur la circulation des v\u00e9hicules, les services du Premier Ministre apportent les clarifications suivantes\u00a0: La circulation sera suspendue pour tous les [&hellip;]<\/p>\n","protected":false},"author":1744,"featured_media":0,"comment_status":"closed","ping_status":"closed","sticky":false,"template":"","format":"standard","meta":{"fifu_image_url":"","fifu_image_alt":"","footnotes":""},"categories":[73,53],"tags":[],"class_list":["post-86275","post","type-post","status-publish","format-standard","hentry","category-actualite","category-algerie"],"_links":{"self":[{"href":"https:\/\/linitiative.ca\/International\/wp-json\/wp\/v2\/posts\/86275","targetHints":{"allow":["GET"]}}],"collection":[{"href":"https:\/\/linitiative.ca\/International\/wp-json\/wp\/v2\/posts"}],"about":[{"href":"https:\/\/linitiative.ca\/International\/wp-json\/wp\/v2\/types\/post"}],"author":[{"embeddable":true,"href":"https:\/\/linitiative.ca\/International\/wp-json\/wp\/v2\/users\/1744"}],"replies":[{"embeddable":true,"href":"https:\/\/linitiative.ca\/International\/wp-json\/wp\/v2\/comments?post=86275"}],"version-history":[{"count":0,"href":"https:\/\/linitiative.ca\/International\/wp-json\/wp\/v2\/posts\/86275\/revisions"}],"wp:attachment":[{"href":"https:\/\/linitiative.ca\/International\/wp-json\/wp\/v2\/media?parent=86275"}],"wp:term":[{"taxonomy":"category","embeddable":true,"href":"https:\/\/linitiative.ca\/International\/wp-json\/wp\/v2\/categories?post=86275"},{"taxonomy":"post_tag","embeddable":true,"href":"https:\/\/linitiative.ca\/International\/wp-json\/wp\/v2\/tags?post=86275"}],"curies":[{"name":"wp","href":"https:\/\/api.w.org\/{rel}","templated":true}]}}