{"id":86276,"date":"2020-05-21T12:10:00","date_gmt":"2020-05-21T16:10:00","guid":{"rendered":"https:\/\/linitiative.ca\/International\/dix-casemates-pour-terroristes-detruites-a-jijel-et-tebessa-en-24h-mdn\/"},"modified":"2020-05-21T12:10:00","modified_gmt":"2020-05-21T16:10:00","slug":"dix-casemates-pour-terroristes-detruites-a-jijel-et-tebessa-en-24h-mdn","status":"publish","type":"post","link":"https:\/\/linitiative.ca\/International\/dix-casemates-pour-terroristes-detruites-a-jijel-et-tebessa-en-24h-mdn\/","title":{"rendered":"Dix casemates pour terroristes d\u00e9truites \u00e0 Jijel et T\u00e9bessa en 24h (MDN)"},"content":{"rendered":"<p>\u00ab\u00a0Dans le cadre de la lutte antiterroriste, un d\u00e9tachement de l\u2019Arm\u00e9e Nationale Populaire a d\u00e9couvert et d\u00e9truit, Mercredi \u00a020 avril \u00a0lors d&rsquo;une op\u00e9ration de recherche et de ratissage men\u00e9e dans la zone de Bordj Thar, da\u00efra de Chakfa, wilaya de Jijel, \u00a0quatre \u00a0casemates pour terroristes\u00a0\u00bb, a indiqu\u00e9 le MDN, dans un communiqu\u00e9 . Lors de cette op\u00e9ration , une paire de jumelles, une plaque photovolta\u00efque, sept micro-portables ainsi que des outils et des accessoires informatiques et d&rsquo;autres objets ont \u00e9t\u00e9 saisis . Dans le cadre de la lutte antiterroriste , un autre d\u00e9tachement a d\u00e9truit casemates pour terroristes \u00e0 Bir El-Ater, wilaya de T\u00e9bessa, a ajout\u00e9 la m\u00eame source.<\/p>\n<p>Par ailleurs, dans le cadre de la lutte contre la criminalit\u00e9 organis\u00e9e, un d\u00e9tachement de l&rsquo;ANP a intercept\u00e9, \u00e0 Tindouf, 2 individus et saisi un v\u00e9hicule tout-terrain, 3 groupes \u00e9lectrog\u00e8nes et 4 marteaux piqueurs, alors que des \u00e9l\u00e9ments de la Gendarmerie Nationale ont saisi, \u00e0 B\u00e9char, 28 tonnes de farine destin\u00e9e \u00e0 la sp\u00e9culation. De m\u00eame, les \u00e9l\u00e9ments de la Gendarmerie Nationale ont arr\u00eat\u00e9, \u00e0 In Amenas, \u00a0trois contrebandiers \u00e0 bord d&rsquo;un v\u00e9hicule touristique charg\u00e9 de <strong>2000<\/strong> paquets de cigarettes.<\/p>\n<p>La traque des narcotrafiquants s\u2019intensifie ne ce mois sacr\u00e9 . un d\u00e9tachement de l&rsquo;ANP a saisi, en coordination avec les services de la S\u00fbret\u00e9 Nationale \u00e0 Batna,\u00a0 <strong>30,615<\/strong> \u00a0kilogrammes de kif trait\u00e9, tandis que des Garde-fronti\u00e8res ont appr\u00e9hend\u00e9, \u00e0 El Oued un narcotrafiquant en sa possession <strong>8640<\/strong> comprim\u00e9s psychotropes. Aussi, des Garde-c\u00f4tes ont d\u00e9jou\u00e9, \u00e0 Chlef, Oran et A\u00efn T\u00e9mouchent, des tentatives d&rsquo;\u00e9migration clandestine de 68 \u00a0individus.<\/p>\n<p><strong>Neila B \/ R\u00e9daction Web\u00a0<\/strong><\/p>\n<p>Auteur: elmoudjahid<br \/>\n<a href=\"http:\/\/www.elmoudjahid.com\/fr\/actualites\/153705\">Cliquez ici pour lire l&rsquo;article depuis sa source.<\/a><\/p>\n","protected":false},"excerpt":{"rendered":"<p>\u00ab\u00a0Dans le cadre de la lutte antiterroriste, un d\u00e9tachement de l\u2019Arm\u00e9e Nationale Populaire a d\u00e9couvert et d\u00e9truit, Mercredi \u00a020 avril \u00a0lors d&rsquo;une op\u00e9ration de recherche et de ratissage men\u00e9e dans la zone de Bordj Thar, da\u00efra de Chakfa, wilaya de Jijel, \u00a0quatre \u00a0casemates pour terroristes\u00a0\u00bb, a indiqu\u00e9 le MDN, dans un communiqu\u00e9 . Lors de [&hellip;]<\/p>\n","protected":false},"author":1744,"featured_media":0,"comment_status":"closed","ping_status":"closed","sticky":false,"template":"","format":"standard","meta":{"fifu_image_url":"","fifu_image_alt":"","footnotes":""},"categories":[73,53],"tags":[],"class_list":["post-86276","post","type-post","status-publish","format-standard","hentry","category-actualite","category-algerie"],"_links":{"self":[{"href":"https:\/\/linitiative.ca\/International\/wp-json\/wp\/v2\/posts\/86276","targetHints":{"allow":["GET"]}}],"collection":[{"href":"https:\/\/linitiative.ca\/International\/wp-json\/wp\/v2\/posts"}],"about":[{"href":"https:\/\/linitiative.ca\/International\/wp-json\/wp\/v2\/types\/post"}],"author":[{"embeddable":true,"href":"https:\/\/linitiative.ca\/International\/wp-json\/wp\/v2\/users\/1744"}],"replies":[{"embeddable":true,"href":"https:\/\/linitiative.ca\/International\/wp-json\/wp\/v2\/comments?post=86276"}],"version-history":[{"count":0,"href":"https:\/\/linitiative.ca\/International\/wp-json\/wp\/v2\/posts\/86276\/revisions"}],"wp:attachment":[{"href":"https:\/\/linitiative.ca\/International\/wp-json\/wp\/v2\/media?parent=86276"}],"wp:term":[{"taxonomy":"category","embeddable":true,"href":"https:\/\/linitiative.ca\/International\/wp-json\/wp\/v2\/categories?post=86276"},{"taxonomy":"post_tag","embeddable":true,"href":"https:\/\/linitiative.ca\/International\/wp-json\/wp\/v2\/tags?post=86276"}],"curies":[{"name":"wp","href":"https:\/\/api.w.org\/{rel}","templated":true}]}}