{"id":86277,"date":"2020-05-21T11:19:46","date_gmt":"2020-05-21T15:19:46","guid":{"rendered":"https:\/\/linitiative.ca\/International\/105307-ligue-1-usm-bel-abbes-on-commence-a-perdre-patience\/"},"modified":"2020-05-21T11:19:46","modified_gmt":"2020-05-21T15:19:46","slug":"105307-ligue-1-usm-bel-abbes-on-commence-a-perdre-patience","status":"publish","type":"post","link":"https:\/\/linitiative.ca\/International\/105307-ligue-1-usm-bel-abbes-on-commence-a-perdre-patience\/","title":{"rendered":"Ligue 1\/USM Bel-Abb\u00e8s: \u00ab\u00a0On commence \u00e0 perdre patience\u00a0\u00bb"},"content":{"rendered":"<div readability=\"35\">\n<p><strong>ORAN- Les joueurs de l\u2019USM Bel-Abb\u00e8s commencent \u00e0 perdre patience en raison de \u00ab\u00a0la situation chaotique\u00a0\u00bb pr\u00e9valant dans le club sur le plan financier, a indiqu\u00e9 jeudi l\u2019un des cadres de cette formation de Ligue 1 de football.<\/strong><\/p>\n<\/div>\n<div readability=\"79.107883817427\">\n<p>\u00ab\u00a0L\u2019USMBA est un grand club qui ne m\u00e9rite pas ce qu\u2019il lui arrive, et en tant que joueur, je fais porter la responsabilit\u00e9 \u00e0 la direction.D\u2019ailleurs, aucun des dirigeants n\u2019a pris la peine de nous contacter, nous les joueurs, pour au moins nous rassurer \u00e0 propos de nos salaires impay\u00e9s depuis plusieurs mois\u00a0\u00bb, d\u00e9plore le lat\u00e9ral droit Fatah Achour \u00e0 l\u2019APS.<\/p>\n<p>Les probl\u00e8mes financiers persistent au sein de la formation de la\u00a0\u00bbMekerra\u00a0\u00bb depuis d\u00e9j\u00e0 quelques ann\u00e9es. Cette situation a m\u00eame caus\u00e9 le d\u00e9part de plusieurs joueurs et non des moindres pendant chaque mercato estival en b\u00e9n\u00e9ficiant de leurs lib\u00e9rations de la part de la Chambre nationale de r\u00e9solution des litiges (CNRL).<\/p>\n<p>Le m\u00eame proc\u00e9d\u00e9 devrait \u00eatre suivi \u00e9galement cette fois-ci par plusieurs \u00e9l\u00e9ments de l\u2019USMBA, selon Fatah Achour qui affirme \u00eatre d\u00e9j\u00e0 pass\u00e9 \u00e0 l\u2019acte.<\/p>\n<blockquote readability=\"11\">\n<p><em><strong>\u00ab\u00a0Personnellement, j\u2019ai d\u00e9j\u00e0 saisi la CNRL pour me r\u00e9tablir dans mes droits. La direction du club me doit six salaires au titre de l\u2019exercice pass\u00e9, et cinq autres relatifs \u00e0 l\u2019actuel. Ce n\u2019est pas normal qu\u2019un pensionnaire de l\u2019\u00e9lite g\u00e8re ses affaires de cette fa\u00e7on\u00a0\u00bb, a-t-il encore d\u00e9plor\u00e9.<\/strong><\/em><\/p>\n<\/blockquote>\n<hr\/>\n<h3>Lire aussi: <a href=\"\/proxy\/300e1382\/http\/www.aps.dz\/sport\/102568-ligue-1-usm-bel-abbes-vers-une-enieme-plainte-contre-le-club-au-niveau-de-la-cnrl\" target=\"_blank\" rel=\"noopener noreferrer\">Ligue 1\/USM Bel-Abb\u00e8s: vers une \u00e9ni\u00e8me plainte contre le club au niveau de la CNRL<\/a><\/h3>\n<hr\/>\n<p>Le m\u00eame joueur a tenu, au passage, \u00e0 mettre en exergue \u00ab\u00a0le parcours satisfaisant\u00a0\u00bb de son \u00e9quipe cette saison \u00ab\u00a0en d\u00e9pit des graves probl\u00e8mes qu\u2019on a v\u00e9cus avant le d\u00e9but de l\u2019exercice\u00a0\u00bb. Malgr\u00e9 cela, a-t-il poursuivi,\u00a0\u00bbnous avons r\u00e9ussi \u00e0 revenir de loin et terminer la phase aller sur le podium\u00a0\u00bb.<\/p>\n<p>Cependant, les r\u00e9sultats des \u00ab\u00a0Vert et Rouge\u00a0\u00bb se sont \u00e0 nouveau d\u00e9t\u00e9rior\u00e9s au d\u00e9but de la phase retour du championnat, gel\u00e9 depuis un peu plus de deux mois \u00e0 cause de la pand\u00e9mie de coronavirus, et l\u2019\u00e9quipe a recul\u00e9 \u00e0 la 12e place apr\u00e8s 22 journ\u00e9es.<\/p>\n<blockquote readability=\"9\">\n<p><strong><em>Une situation que le m\u00eame interlocuteur impute \u00ab\u00a0aux promesses non tenues par la direction qui ont affect\u00e9 le moral des joueurs\u00a0\u00bb, rappelant au passage que \u00ab\u00a0malgr\u00e9 tous les probl\u00e8mes aussi, l\u2019USMBA est bien partie pour se qualifier aux demi-finales de la coupe d\u2019Alg\u00e9rie\u00a0\u00bb.<\/em><\/strong><\/p>\n<\/blockquote>\n<p>Les gars de Sidi Bel-Abb\u00e8s ont, en effet, fait un grand pas vers le dernier carr\u00e9 de l\u2019\u00e9preuve populaire, qu\u2019ils ont remport\u00e9e lors de l\u2019avant-derni\u00e8re \u00e9dition, apr\u00e8s avoir battu \u00e0 domicile l\u2019Amel Boussa\u00e2da (3-0) en quarts de finale aller, rappelle-t-on.<\/p>\n<\/div>\n<p>Auteur:<br \/>\n<a href=\"http:\/\/www.aps.dz\/sport\/105307-ligue-1-usm-bel-abbes-on-commence-a-perdre-patience?utm_source=feedburner&#038;utm_medium=feed&#038;utm_campaign=Feed%3A+aps-sport+%28APS+-+SPORT%29\">Cliquez ici pour lire l&rsquo;article depuis sa source.<\/a><\/p>\n","protected":false},"excerpt":{"rendered":"<p>ORAN- Les joueurs de l\u2019USM Bel-Abb\u00e8s commencent \u00e0 perdre patience en raison de \u00ab\u00a0la situation chaotique\u00a0\u00bb pr\u00e9valant dans le club sur le plan financier, a indiqu\u00e9 jeudi l\u2019un des cadres de cette formation de Ligue 1 de football. \u00ab\u00a0L\u2019USMBA est un grand club qui ne m\u00e9rite pas ce qu\u2019il lui arrive, et en tant que [&hellip;]<\/p>\n","protected":false},"author":1790,"featured_media":0,"comment_status":"closed","ping_status":"closed","sticky":false,"template":"","format":"standard","meta":{"fifu_image_url":"","fifu_image_alt":"","footnotes":""},"categories":[53,75],"tags":[],"class_list":["post-86277","post","type-post","status-publish","format-standard","hentry","category-algerie","category-sport"],"_links":{"self":[{"href":"https:\/\/linitiative.ca\/International\/wp-json\/wp\/v2\/posts\/86277","targetHints":{"allow":["GET"]}}],"collection":[{"href":"https:\/\/linitiative.ca\/International\/wp-json\/wp\/v2\/posts"}],"about":[{"href":"https:\/\/linitiative.ca\/International\/wp-json\/wp\/v2\/types\/post"}],"author":[{"embeddable":true,"href":"https:\/\/linitiative.ca\/International\/wp-json\/wp\/v2\/users\/1790"}],"replies":[{"embeddable":true,"href":"https:\/\/linitiative.ca\/International\/wp-json\/wp\/v2\/comments?post=86277"}],"version-history":[{"count":0,"href":"https:\/\/linitiative.ca\/International\/wp-json\/wp\/v2\/posts\/86277\/revisions"}],"wp:attachment":[{"href":"https:\/\/linitiative.ca\/International\/wp-json\/wp\/v2\/media?parent=86277"}],"wp:term":[{"taxonomy":"category","embeddable":true,"href":"https:\/\/linitiative.ca\/International\/wp-json\/wp\/v2\/categories?post=86277"},{"taxonomy":"post_tag","embeddable":true,"href":"https:\/\/linitiative.ca\/International\/wp-json\/wp\/v2\/tags?post=86277"}],"curies":[{"name":"wp","href":"https:\/\/api.w.org\/{rel}","templated":true}]}}