{"id":86278,"date":"2020-05-20T15:12:00","date_gmt":"2020-05-20T19:12:00","guid":{"rendered":"https:\/\/linitiative.ca\/International\/sirat-mostaganem-un-mort-et-03-enfants-blesses-dans-un-accident\/"},"modified":"2020-05-20T15:12:00","modified_gmt":"2020-05-20T19:12:00","slug":"sirat-mostaganem-un-mort-et-03-enfants-blesses-dans-un-accident","status":"publish","type":"post","link":"https:\/\/linitiative.ca\/International\/sirat-mostaganem-un-mort-et-03-enfants-blesses-dans-un-accident\/","title":{"rendered":"SIRAT (MOSTAGANEM) : Un mort et 03 enfants bless\u00e9s dans un accident"},"content":{"rendered":"<p><br id=\"sep_para_1\" class=\"sep_para access\"\/><\/p>\n<div id=\"para_1\" class=\"para_37067400 resize\">\n<div class=\"texte access firstletter\">Sous la supervision du chef d&rsquo;unit\u00e9 secondaire de la protection civile la Da\u00efra de Bouguirat, en pr\u00e9sence du Pr\u00e9sident de l&rsquo;APC de la Commune de Sirat, a supervis\u00e9 l&rsquo;intervention rapide des agents de son unit\u00e9 qui a \u00e9t\u00e9 d\u00e9p\u00each\u00e9e sur les lieux pour porter secours et aide aux personnes victimes d&rsquo;un accident de la circulation, a-t-on appris.\u00a0 C&rsquo;est un terrible accident qui est venu s&rsquo;ajouter \u00e0 la liste de l\u2019h\u00e9catombe et s&rsquo;est produit avant-hier soir,\u00a0 19 mai 2020 \u00e0 l\u2019entr\u00e9e en collision de deux voitures sur la route nationale n \u00b0 23 menant aux Communes de Sirat et de Mesra, exactement au carrefour de la r\u00e9gion de Kayzat, a-t-on indiqu\u00e9 .Les deux v\u00e9hicules\u00a0 \u00e0 l&rsquo;origine de cet accident sont immatricul\u00e9s dans la m\u00eame wilaya de Mostaganem dont d&rsquo;une est du type utilitaire et l&rsquo;autre de tourisme. Ce drame de la route a caus\u00e9 la mort d&rsquo;une femme de 46 ans ,pendant son \u00e9vacuation sur le chemin de l&rsquo;h\u00f4pital alors que des blessures d&rsquo;une certaine gravit\u00e9 ont \u00e9t\u00e9 occasionn\u00e9es \u00e0 trois (03) enfants ,\u00e2g\u00e9s de 08 \u00e0 13 ans lesquels ont \u00e9t\u00e9 \u00e9conduits vers le service des urgences m\u00e9dicales de l&rsquo;h\u00f4pital afin de recevoir les soins appropri\u00e9s \u00e0 leurs cas respectifs.\u00a0\u00a0\u00a0\u00a0\u00a0\u00a0\u00a0\u00a0\u00a0\u00a0\u00a0\u00a0\u00a0\u00a0\u00a0\u00a0\u00a0\u00a0\u00a0\u00a0\u00a0\u00a0\u00a0\u00a0\u00a0\u00a0\u00a0\u00a0\u00a0\u00a0\u00a0\u00a0\u00a0\u00a0<\/div>\n<\/div>\n<p>Auteur: Younes Zahachi<br \/>\n<a href=\"https:\/\/www.reflexiondz.net\/SIRAT-MOSTAGANEM-Un-mort-et-03-enfants-blesses-dans-un-accident_a62848.html\">Cliquez ici pour lire l&rsquo;article depuis sa source.<\/a><\/p>\n","protected":false},"excerpt":{"rendered":"<p>Sous la supervision du chef d&rsquo;unit\u00e9 secondaire de la protection civile la Da\u00efra de Bouguirat, en pr\u00e9sence du Pr\u00e9sident de l&rsquo;APC de la Commune de Sirat, a supervis\u00e9 l&rsquo;intervention rapide des agents de son unit\u00e9 qui a \u00e9t\u00e9 d\u00e9p\u00each\u00e9e sur les lieux pour porter secours et aide aux personnes victimes d&rsquo;un accident de la circulation, [&hellip;]<\/p>\n","protected":false},"author":1740,"featured_media":0,"comment_status":"closed","ping_status":"closed","sticky":false,"template":"","format":"standard","meta":{"fifu_image_url":"","fifu_image_alt":"","footnotes":""},"categories":[53,76],"tags":[],"class_list":["post-86278","post","type-post","status-publish","format-standard","hentry","category-algerie","category-regions"],"_links":{"self":[{"href":"https:\/\/linitiative.ca\/International\/wp-json\/wp\/v2\/posts\/86278","targetHints":{"allow":["GET"]}}],"collection":[{"href":"https:\/\/linitiative.ca\/International\/wp-json\/wp\/v2\/posts"}],"about":[{"href":"https:\/\/linitiative.ca\/International\/wp-json\/wp\/v2\/types\/post"}],"author":[{"embeddable":true,"href":"https:\/\/linitiative.ca\/International\/wp-json\/wp\/v2\/users\/1740"}],"replies":[{"embeddable":true,"href":"https:\/\/linitiative.ca\/International\/wp-json\/wp\/v2\/comments?post=86278"}],"version-history":[{"count":0,"href":"https:\/\/linitiative.ca\/International\/wp-json\/wp\/v2\/posts\/86278\/revisions"}],"wp:attachment":[{"href":"https:\/\/linitiative.ca\/International\/wp-json\/wp\/v2\/media?parent=86278"}],"wp:term":[{"taxonomy":"category","embeddable":true,"href":"https:\/\/linitiative.ca\/International\/wp-json\/wp\/v2\/categories?post=86278"},{"taxonomy":"post_tag","embeddable":true,"href":"https:\/\/linitiative.ca\/International\/wp-json\/wp\/v2\/tags?post=86278"}],"curies":[{"name":"wp","href":"https:\/\/api.w.org\/{rel}","templated":true}]}}