{"id":86294,"date":"2020-05-21T10:58:16","date_gmt":"2020-05-21T14:58:16","guid":{"rendered":"https:\/\/linitiative.ca\/International\/coronavirus-les-gens-meurent-denvie-de-vivre\/"},"modified":"2020-05-21T10:58:16","modified_gmt":"2020-05-21T14:58:16","slug":"coronavirus-les-gens-meurent-denvie-de-vivre","status":"publish","type":"post","link":"https:\/\/linitiative.ca\/International\/coronavirus-les-gens-meurent-denvie-de-vivre\/","title":{"rendered":"Coronavirus : les gens meurent d\u2019envie\u2026 de vivre"},"content":{"rendered":"<p><strong>Les d\u00e9confinements se succ\u00e8dent et ne se ressemblent que sur un point. Partout les populations, surtout la jeunesse, profitent fr\u00e9n\u00e9tiquement des espaces de libert\u00e9 retrouv\u00e9s, parfois au-del\u00e0 du sanitairement raisonnable.<\/strong><\/p>\n<div class=\"c10\"\/>\n<p>Il est de bon ton de critiquer le peuple marocain, de mani\u00e8re irrespectueuse, parce qu\u2019il montre les m\u00eames aspirations, le m\u00eame go\u00fbt pour la vie que tous les humains. Pourtant \u00e0 Paris, partout en France, le ph\u00e9nom\u00e8ne s\u2019impose : les gens vont dans les parcs, les plages, les rares lieux ouverts, s\u2019agglutinent, prennent un verre ensemble, respirent, non pas au sens m\u00e9dical, mais au sens humain. Le confinement est contre-nature et le degr\u00e9 d\u2019acceptabilit\u00e9 humaine de cette mesure ne peut que s\u2019amenuiser avec le temps.<\/p>\n<p>On n\u2019a pas besoin d\u2019une grande \u00e9cole pour comprendre que l\u2019instinct pr\u00e9f\u00e9r\u00e9 des \u00eatres humains est incompatible avec l\u2019isolement. Par contre, il peut s\u2019adapter \u00e0 la distanciation sociale, si cette mesure est bien expliqu\u00e9e.<\/p>\n<p>Le gouvernement su\u00e9dois a finalement r\u00e9agi aux critiques multiples sur sa gestion. Ces critiques s\u2019appuient sur le fait que la mortalit\u00e9 est relativement plus forte en Su\u00e8de par rapport \u00e0 sa population, ce qui est en train de changer par rapport aux USA par exemple.<\/p>\n<p>Lire aussi : <a href=\"https:\/\/www.challenge.ma\/ce-que-vous-devez-savoir-sur-le-coronavirus-134568\/\" target=\"_blank\" rel=\"noreferrer noopener\" aria-label=\" (s&#x2019;ouvre dans un nouvel onglet)\">Ce que vous devez savoir sur le coronavirus<\/a><\/p>\n<p>L\u2019ex\u00e9cutif su\u00e9dois n\u2019a sorti aucune loi coronavirus, mais il a recommand\u00e9 les m\u00eames mesures que les autres. Il a jou\u00e9 la carte de la responsabilit\u00e9 individuelle plut\u00f4t que la coercition. Les marchands de la peur vont me r\u00e9torquer : oui mais il y a eu des morts. Tout est rest\u00e9 ouvert, l\u2019\u00e9conomie fonctionne et ne sont impact\u00e9s que les exportateurs, l\u2019Etat n\u2019a pas emprunt\u00e9 une couronne.<\/p>\n<p>Mais il y a plus important, le su\u00e9dois ne vit pas dans une soci\u00e9t\u00e9 anxiog\u00e8ne, travaille normalement, vit normalement. Il est d\u00e9j\u00e0 dans l\u2019avenir de l\u2019humanit\u00e9. Parce que fatalement le d\u00e9sir de vie va l\u2019emporter.<\/p>\n<p>Evidemment cette chronique n\u2019a rien \u00e0 voir avec Absurdistan et son gouvernement \u00e0 trois voix et autant de voies. Elle ne s\u2019adresse qu\u2019\u00e0 ceux dot\u00e9s de raison, ce qui n\u2019est pas le cas de ceux qui nous gouvernent.<\/p>\n<div class=\"c17\">\n<fieldset class=\"c16\">\n<legend><strong><span class=\"c11\">Challenge<\/span><span class=\"c12\">news<\/span><\/strong><\/legend>\n<div class=\"c15\">Le meilleur de Challenge s\u00e9lectionn\u00e9 par la r\u00e9daction :<\/p>\n<\/div>\n<\/fieldset>\n<\/div>\n<p>Auteur: Jamal Berraoui<br \/>\n<a href=\"https:\/\/www.challenge.ma\/coronavirus-les-gens-meurent-denvie-de-vivre-141062\/\">Cliquez ici pour lire l&rsquo;article depuis sa source.<\/a><\/p>\n","protected":false},"excerpt":{"rendered":"<p>Les d\u00e9confinements se succ\u00e8dent et ne se ressemblent que sur un point. Partout les populations, surtout la jeunesse, profitent fr\u00e9n\u00e9tiquement des espaces de libert\u00e9 retrouv\u00e9s, parfois au-del\u00e0 du sanitairement raisonnable. Il est de bon ton de critiquer le peuple marocain, de mani\u00e8re irrespectueuse, parce qu\u2019il montre les m\u00eames aspirations, le m\u00eame go\u00fbt pour la vie [&hellip;]<\/p>\n","protected":false},"author":1787,"featured_media":0,"comment_status":"closed","ping_status":"closed","sticky":false,"template":"","format":"standard","meta":{"fifu_image_url":"","fifu_image_alt":"","footnotes":""},"categories":[78,54],"tags":[],"class_list":["post-86294","post","type-post","status-publish","format-standard","hentry","category-economie","category-maroc"],"_links":{"self":[{"href":"https:\/\/linitiative.ca\/International\/wp-json\/wp\/v2\/posts\/86294","targetHints":{"allow":["GET"]}}],"collection":[{"href":"https:\/\/linitiative.ca\/International\/wp-json\/wp\/v2\/posts"}],"about":[{"href":"https:\/\/linitiative.ca\/International\/wp-json\/wp\/v2\/types\/post"}],"author":[{"embeddable":true,"href":"https:\/\/linitiative.ca\/International\/wp-json\/wp\/v2\/users\/1787"}],"replies":[{"embeddable":true,"href":"https:\/\/linitiative.ca\/International\/wp-json\/wp\/v2\/comments?post=86294"}],"version-history":[{"count":0,"href":"https:\/\/linitiative.ca\/International\/wp-json\/wp\/v2\/posts\/86294\/revisions"}],"wp:attachment":[{"href":"https:\/\/linitiative.ca\/International\/wp-json\/wp\/v2\/media?parent=86294"}],"wp:term":[{"taxonomy":"category","embeddable":true,"href":"https:\/\/linitiative.ca\/International\/wp-json\/wp\/v2\/categories?post=86294"},{"taxonomy":"post_tag","embeddable":true,"href":"https:\/\/linitiative.ca\/International\/wp-json\/wp\/v2\/tags?post=86294"}],"curies":[{"name":"wp","href":"https:\/\/api.w.org\/{rel}","templated":true}]}}