{"id":86295,"date":"2020-05-21T11:15:52","date_gmt":"2020-05-21T15:15:52","guid":{"rendered":"https:\/\/linitiative.ca\/International\/vrai-ou-fake-sur-la-covid-19-au-maroc-ce-jeudi-21-mai\/"},"modified":"2020-05-21T11:15:52","modified_gmt":"2020-05-21T15:15:52","slug":"vrai-ou-fake-sur-la-covid-19-au-maroc-ce-jeudi-21-mai","status":"publish","type":"post","link":"https:\/\/linitiative.ca\/International\/vrai-ou-fake-sur-la-covid-19-au-maroc-ce-jeudi-21-mai\/","title":{"rendered":"Vrai ou Fake sur la covid-19 au Maroc, ce jeudi 21 mai"},"content":{"rendered":"<p><strong>Le Coronavirus, qui a contamin\u00e9 plus de 5 millions de personnes dans le monde, est \u00e0 l\u2019origine d\u2019un flot de Fake news relay\u00e9es par des sites d\u2019information et sur les r\u00e9seaux sociaux. La MAP fait le tri entre l\u2019intox et les bonnes informations pour une meilleure sensibilisation.<\/strong><\/p>\n<div class=\"c10\"\/>\n<p>\u2013 Abandon par le gouvernement des Marocains bloqu\u00e9s \u00e0 l\u2019\u00e9tranger. <strong>FAKE<\/strong><\/p>\n<p>\u2013 Un total de 2,3 millions de personnes travaillant dans le secteur informel ont b\u00e9n\u00e9fici\u00e9 de la deuxi\u00e8me phase de l\u2019op\u00e9ration de soutien men\u00e9e par le Fonds sp\u00e9cial de gestion de la pand\u00e9mie du coronavirus (Covid-19). <strong>VRAI<\/strong><\/p>\n<p>\u2013 La pand\u00e9mie du nouveau coronavirus (Covid-19) n\u2019est pas dangereuse puisque les sans-abris ne sont pas touch\u00e9s par le virus. <strong>FAKE<\/strong><\/p>\n<p>\u2013 52 nouveaux cas d\u2019infection au nouveau coronavirus (Covid-19) ont \u00e9t\u00e9 confirm\u00e9s au Maroc, portant \u00e0 7.185 le nombre total des cas de contamination. <strong>VRAI<\/strong><\/p>\n<p>\u2013 Il est possible de v\u00e9rifier quels robots seraient en train de surveiller les publications sur Facebook en allant sur param\u00e8tres de blocage. <strong>FAKE<\/strong><\/p>\n<p>\u2013 La pri\u00e8re de l\u2019Aid Al Fitr doit \u00eatre accomplie \u00e0 la maison pour pr\u00e9server la sant\u00e9 des citoyens. <strong>VRAI<\/strong><\/p>\n<p>Lire aussi : <a href=\"https:\/\/www.challenge.ma\/ce-que-vous-devez-savoir-sur-le-coronavirus-134568\/\" target=\"_blank\" rel=\"noreferrer noopener\" aria-label=\" (s&#x2019;ouvre dans un nouvel onglet)\">Ce que vous devez savoir sur le coronavirus<\/a><\/p>\n<p>\u2013 La proc\u00e9dure de d\u00e9p\u00f4t des r\u00e9clamations pour les aides accord\u00e9es aux m\u00e9nages du secteur informel d\u00e9marrera le jeudi 21 mai sur le site \u00ab\u00a0www.tadamoncovid.ma\u00a0\u00bb. <strong>VRAI<\/strong><\/p>\n<p>\u2013 Une convention de 1,1 milliard de dirhams a \u00e9t\u00e9 sign\u00e9e entre l\u2019Union europ\u00e9enne (UE) et le Maroc pour soutenir le financement du secteur de la Sant\u00e9 dans le contexte de la crise du Covid-19. <strong>VRAI<\/strong><\/p>\n<p>\u2013 Plusieurs actes de braconnage ont \u00e9t\u00e9 constat\u00e9s dans diff\u00e9rentes r\u00e9gions du pays, perp\u00e9tr\u00e9s par des chasseurs profitant du contexte de confinement. <strong>VRAI<\/strong><\/p>\n<div class=\"c17\">\n<fieldset class=\"c16\">\n<legend><strong><span class=\"c11\">Challenge<\/span><span class=\"c12\">news<\/span><\/strong><\/legend>\n<div class=\"c15\">Le meilleur de Challenge s\u00e9lectionn\u00e9 par la r\u00e9daction :<\/p>\n<\/div>\n<\/fieldset>\n<\/div>\n<p>Auteur: Hajar DARI<br \/>\n<a href=\"https:\/\/www.challenge.ma\/vrai-ou-fake-sur-la-covid-19-au-maroc-ce-jeudi-21-mai-141056\/\">Cliquez ici pour lire l&rsquo;article depuis sa source.<\/a><\/p>\n","protected":false},"excerpt":{"rendered":"<p>Le Coronavirus, qui a contamin\u00e9 plus de 5 millions de personnes dans le monde, est \u00e0 l\u2019origine d\u2019un flot de Fake news relay\u00e9es par des sites d\u2019information et sur les r\u00e9seaux sociaux. La MAP fait le tri entre l\u2019intox et les bonnes informations pour une meilleure sensibilisation. \u2013 Abandon par le gouvernement des Marocains bloqu\u00e9s [&hellip;]<\/p>\n","protected":false},"author":1787,"featured_media":0,"comment_status":"closed","ping_status":"closed","sticky":false,"template":"","format":"standard","meta":{"fifu_image_url":"","fifu_image_alt":"","footnotes":""},"categories":[78,54],"tags":[],"class_list":["post-86295","post","type-post","status-publish","format-standard","hentry","category-economie","category-maroc"],"_links":{"self":[{"href":"https:\/\/linitiative.ca\/International\/wp-json\/wp\/v2\/posts\/86295","targetHints":{"allow":["GET"]}}],"collection":[{"href":"https:\/\/linitiative.ca\/International\/wp-json\/wp\/v2\/posts"}],"about":[{"href":"https:\/\/linitiative.ca\/International\/wp-json\/wp\/v2\/types\/post"}],"author":[{"embeddable":true,"href":"https:\/\/linitiative.ca\/International\/wp-json\/wp\/v2\/users\/1787"}],"replies":[{"embeddable":true,"href":"https:\/\/linitiative.ca\/International\/wp-json\/wp\/v2\/comments?post=86295"}],"version-history":[{"count":0,"href":"https:\/\/linitiative.ca\/International\/wp-json\/wp\/v2\/posts\/86295\/revisions"}],"wp:attachment":[{"href":"https:\/\/linitiative.ca\/International\/wp-json\/wp\/v2\/media?parent=86295"}],"wp:term":[{"taxonomy":"category","embeddable":true,"href":"https:\/\/linitiative.ca\/International\/wp-json\/wp\/v2\/categories?post=86295"},{"taxonomy":"post_tag","embeddable":true,"href":"https:\/\/linitiative.ca\/International\/wp-json\/wp\/v2\/tags?post=86295"}],"curies":[{"name":"wp","href":"https:\/\/api.w.org\/{rel}","templated":true}]}}