{"id":86297,"date":"2020-05-21T12:31:58","date_gmt":"2020-05-21T16:31:58","guid":{"rendered":"https:\/\/linitiative.ca\/International\/deconfinement-les-professionnels-du-transport-touristique-se-preparent-activement-pour-la-reprise\/"},"modified":"2020-05-21T12:31:58","modified_gmt":"2020-05-21T16:31:58","slug":"deconfinement-les-professionnels-du-transport-touristique-se-preparent-activement-pour-la-reprise","status":"publish","type":"post","link":"https:\/\/linitiative.ca\/International\/deconfinement-les-professionnels-du-transport-touristique-se-preparent-activement-pour-la-reprise\/","title":{"rendered":"D\u00e9confinement : Les professionnels du transport touristique se pr\u00e9parent activement pour la reprise"},"content":{"rendered":"<p><strong>La pr\u00e9paration de la reprise de l\u2019activit\u00e9 s\u2019acc\u00e9l\u00e8re dans les diff\u00e9rents secteurs de l\u2019\u00e9conomie nationale. En ce qui concerne le secteur du transport touristique, les professionnels travaillent d\u2019arrache-pied pour garantir les conditions de protection n\u00e9cessaires \u00e0 la client\u00e8le.<\/strong><\/p>\n<div class=\"c10\"\/>\n<p>La <strong>F\u00e9d\u00e9ration Nationale du Transport Touristique<\/strong> (FNTT) entend, en effet, adopter d\u2019autres mesures sanitaires pour une protection renforc\u00e9e de sa client\u00e8le apr\u00e8s le <strong>d\u00e9confinement<\/strong>. On apprend ainsi que dans ce cadre que la FNTT sollicite la collaboration du minist\u00e8re de la sant\u00e9 dans le but d\u2019\u00e9laborer des crit\u00e8res de st\u00e9rilisation.<\/p>\n<p>Lire aussi: <a href=\"https:\/\/www.challenge.ma\/coronavirus-les-resultats-de-lenquete-du-hcp-sur-les-menages-141029\/\">Coronavirus : les r\u00e9sultats de l\u2019enqu\u00eate du HCP sur les m\u00e9nages<\/a><\/p>\n<p>La corporation pr\u00e9cise aussi que l\u2019objectif est de r\u00e9aliser un <strong>label de certification<\/strong> auquel les entreprises de transport touristique doivent s\u2019adapter pour fournir un service de qualit\u00e9 qui r\u00e9pond aux normes internationales.<\/p>\n<p>\u00ab\u00a0Cet indicateur d\u2019<strong>assainissement<\/strong> et d\u2019hygi\u00e8ne permettra de prot\u00e9ger la sant\u00e9 de la client\u00e8le au Maroc. Ce label sera un argument important pour la vente et la commercialisation des services et ce, \u00e0 l\u2019instar de ce qui a \u00e9t\u00e9 appliqu\u00e9 partout dans le monde\u00a0\u00bb, explique la f\u00e9d\u00e9ration.<\/p>\n<div class=\"c17\">\n<fieldset class=\"c16\">\n<legend><strong><span class=\"c11\">Challenge<\/span><span class=\"c12\">news<\/span><\/strong><\/legend>\n<div class=\"c15\">Le meilleur de Challenge s\u00e9lectionn\u00e9 par la r\u00e9daction :<\/p>\n<\/div>\n<\/fieldset>\n<\/div>\n<p>Auteur: challenge<br \/>\n<a href=\"https:\/\/www.challenge.ma\/deconfinement-les-professionnels-du-transport-touristique-se-preparent-activement-pour-la-reprise-141093\/\">Cliquez ici pour lire l&rsquo;article depuis sa source.<\/a><\/p>\n","protected":false},"excerpt":{"rendered":"<p>La pr\u00e9paration de la reprise de l\u2019activit\u00e9 s\u2019acc\u00e9l\u00e8re dans les diff\u00e9rents secteurs de l\u2019\u00e9conomie nationale. En ce qui concerne le secteur du transport touristique, les professionnels travaillent d\u2019arrache-pied pour garantir les conditions de protection n\u00e9cessaires \u00e0 la client\u00e8le. La F\u00e9d\u00e9ration Nationale du Transport Touristique (FNTT) entend, en effet, adopter d\u2019autres mesures sanitaires pour une protection [&hellip;]<\/p>\n","protected":false},"author":1787,"featured_media":0,"comment_status":"closed","ping_status":"closed","sticky":false,"template":"","format":"standard","meta":{"fifu_image_url":"","fifu_image_alt":"","footnotes":""},"categories":[78,54],"tags":[],"class_list":["post-86297","post","type-post","status-publish","format-standard","hentry","category-economie","category-maroc"],"_links":{"self":[{"href":"https:\/\/linitiative.ca\/International\/wp-json\/wp\/v2\/posts\/86297","targetHints":{"allow":["GET"]}}],"collection":[{"href":"https:\/\/linitiative.ca\/International\/wp-json\/wp\/v2\/posts"}],"about":[{"href":"https:\/\/linitiative.ca\/International\/wp-json\/wp\/v2\/types\/post"}],"author":[{"embeddable":true,"href":"https:\/\/linitiative.ca\/International\/wp-json\/wp\/v2\/users\/1787"}],"replies":[{"embeddable":true,"href":"https:\/\/linitiative.ca\/International\/wp-json\/wp\/v2\/comments?post=86297"}],"version-history":[{"count":0,"href":"https:\/\/linitiative.ca\/International\/wp-json\/wp\/v2\/posts\/86297\/revisions"}],"wp:attachment":[{"href":"https:\/\/linitiative.ca\/International\/wp-json\/wp\/v2\/media?parent=86297"}],"wp:term":[{"taxonomy":"category","embeddable":true,"href":"https:\/\/linitiative.ca\/International\/wp-json\/wp\/v2\/categories?post=86297"},{"taxonomy":"post_tag","embeddable":true,"href":"https:\/\/linitiative.ca\/International\/wp-json\/wp\/v2\/tags?post=86297"}],"curies":[{"name":"wp","href":"https:\/\/api.w.org\/{rel}","templated":true}]}}