{"id":86301,"date":"2020-05-21T12:33:16","date_gmt":"2020-05-21T16:33:16","guid":{"rendered":"https:\/\/linitiative.ca\/International\/mercato-abha-clot-les-debats-sur-lavenir-de-saad-bguir\/"},"modified":"2020-05-21T12:33:16","modified_gmt":"2020-05-21T16:33:16","slug":"mercato-abha-clot-les-debats-sur-lavenir-de-saad-bguir","status":"publish","type":"post","link":"https:\/\/linitiative.ca\/International\/mercato-abha-clot-les-debats-sur-lavenir-de-saad-bguir\/","title":{"rendered":"Mercato : Abha cl\u00f4t les d\u00e9bats sur l\u2019avenir de Saad Bguir"},"content":{"rendered":"<div class=\"post-cont-in left relative\">\n<div class=\"heateor_sss_sharing_container heateor_sss_horizontal_sharing\" heateor-sss-data-href=\"https:\/\/sport.tunisienumerique.com\/mercato-abha-clot-les-debats-sur-lavenir-de-saad-bguir\/\">\n<div class=\"heateor_sss_sharing_title c3\">Cet article vous a \u00e9t\u00e9 utile? Partagez le, il int\u00e9ressera d\u2019autres personnes. Merci!<\/div>\n<ul class=\"heateor_sss_sharing_ul\">\n<li class=\"heateorSssSharingRound\"><em alt=\"Facebook\" title=\"Facebook\" class=\"heateorSssSharing heateorSssFacebookBackground c4\" onclick=\"heateorSssPopup(&quot;https:\/\/www.facebook.com\/sharer\/sharer.php?u=https%3A%2F%2Fsport.tunisienumerique.com%2Fmercato-abha-clot-les-debats-sur-lavenir-de-saad-bguir%2F&quot;)\">\u00a0<\/em><\/li>\n<li class=\"heateorSssSharingRound\"><em alt=\"Twitter\" title=\"Twitter\" class=\"heateorSssSharing heateorSssTwitterBackground c4\" onclick=\"heateorSssPopup(&quot;http:\/\/twitter.com\/intent\/tweet?text=Mercato%20%3A%20Abha%20cl%C3%B4t%20les%20d%C3%A9bats%20sur%20l%27avenir%20de%20Saad%20Bguir&amp;url=https%3A%2F%2Fsport.tunisienumerique.com%2Fmercato-abha-clot-les-debats-sur-lavenir-de-saad-bguir%2F&quot;)\">\u00a0<\/em><\/li>\n<li class=\"heateorSssSharingRound\"><em alt=\"Linkedin\" title=\"Linkedin\" class=\"heateorSssSharing heateorSssLinkedinBackground c4\" onclick=\"heateorSssPopup(&quot;http:\/\/www.linkedin.com\/shareArticle?mini=true&amp;url=https%3A%2F%2Fsport.tunisienumerique.com%2Fmercato-abha-clot-les-debats-sur-lavenir-de-saad-bguir%2F&amp;title=Mercato%20%3A%20Abha%20cl%C3%B4t%20les%20d%C3%A9bats%20sur%20l%27avenir%20de%20Saad%20Bguir&quot;)\">\u00a0<\/em><\/li>\n<li class=\"heateorSssSharingRound\"><em alt=\"Google Gmail\" title=\"Google Gmail\" class=\"heateorSssSharing heateorSssGoogleGmailBackground c4\" onclick=\"heateorSssPopup(&quot;https:\/\/mail.google.com\/mail\/?ui=2&amp;view=cm&amp;fs=1&amp;tf=1&amp;su=Mercato%20%3A%20Abha%20cl%C3%B4t%20les%20d%C3%A9bats%20sur%20l%27avenir%20de%20Saad%20Bguir&amp;body=Link:https%3A%2F%2Fsport.tunisienumerique.com%2Fmercato-abha-clot-les-debats-sur-lavenir-de-saad-bguir%2F&quot;)\">\u00a0<\/em><\/li>\n<li class=\"heateorSssSharingRound\"><em alt=\"Whatsapp\" title=\"Whatsapp\" class=\"heateorSssSharing heateorSssWhatsappBackground c4\"><a href=\"https:\/\/web.whatsapp.com\/send?text=Mercato%20%3A%20Abha%20cl%C3%B4t%20les%20d%C3%A9bats%20sur%20l%27avenir%20de%20Saad%20Bguir%20https%3A%2F%2Fsport.tunisienumerique.com%2Fmercato-abha-clot-les-debats-sur-lavenir-de-saad-bguir%2F\" rel=\"nofollow noopener noreferrer\" target=\"_blank\">\u00a0<\/a><\/em><\/li>\n<li class=\"heateorSssSharingRound\">\u00a0<\/li>\n<\/ul>\n<\/div>\n<p dir=\"ltr\">Selon la presse saoudienne, l\u2019international tunisien, Saad Bguir poursuivra son aventure avec Abha, la prochaine saison.<\/p>\n<p dir=\"ltr\">Selon le journal saoudien d\u2019Arriyadiyah, un dirigeant de la formation saoudienne a d\u00e9voil\u00e9 que l\u2019\u00e9quipe n\u2019a re\u00e7u aucune offre pour Bguir, en r\u00e9ponse aux rumeurs qui ont circul\u00e9 r\u00e9cemment sur un \u00e9ventuel d\u00e9part du mineur du jeu tunisien.<\/p>\n<div class=\"code-block code-block-1 c6\"><ins class=\"adsbygoogle c5\" data-ad-layout=\"in-article\" data-ad-format=\"fluid\" data-ad-client=\"ca-pub-2102118777505746\" data-ad-slot=\"7301775417\"\/> <\/div>\n<p dir=\"ltr\">Pour sa part, Saad Bguir a affirm\u00e9, selon la m\u00eame source, qu\u2019il n\u2019a re\u00e7u aucune offre et que s\u2019il la re\u00e7oit, celle-ci sera r\u00e9f\u00e9r\u00e9e \u00e0 la direction du club, qui prendra la meilleure d\u00e9cision.<\/p>\n<p dir=\"ltr\">.<\/p>\n<p><\/p>\n<div class=\"heateor_sss_sharing_container heateor_sss_horizontal_sharing\" heateor-sss-data-href=\"https:\/\/sport.tunisienumerique.com\/mercato-abha-clot-les-debats-sur-lavenir-de-saad-bguir\/\">\n<div class=\"heateor_sss_sharing_title c3\">Cet article vous a \u00e9t\u00e9 utile? Partagez le, il int\u00e9ressera d\u2019autres personnes. Merci!<\/div>\n<ul class=\"heateor_sss_sharing_ul\">\n<li class=\"heateorSssSharingRound\"><em alt=\"Facebook\" title=\"Facebook\" class=\"heateorSssSharing heateorSssFacebookBackground c4\" onclick=\"heateorSssPopup(&quot;https:\/\/www.facebook.com\/sharer\/sharer.php?u=https%3A%2F%2Fsport.tunisienumerique.com%2Fmercato-abha-clot-les-debats-sur-lavenir-de-saad-bguir%2F&quot;)\">\u00a0<\/em><\/li>\n<li class=\"heateorSssSharingRound\"><em alt=\"Twitter\" title=\"Twitter\" class=\"heateorSssSharing heateorSssTwitterBackground c4\" onclick=\"heateorSssPopup(&quot;http:\/\/twitter.com\/intent\/tweet?text=Mercato%20%3A%20Abha%20cl%C3%B4t%20les%20d%C3%A9bats%20sur%20l%27avenir%20de%20Saad%20Bguir&amp;url=https%3A%2F%2Fsport.tunisienumerique.com%2Fmercato-abha-clot-les-debats-sur-lavenir-de-saad-bguir%2F&quot;)\">\u00a0<\/em><\/li>\n<li class=\"heateorSssSharingRound\"><em alt=\"Linkedin\" title=\"Linkedin\" class=\"heateorSssSharing heateorSssLinkedinBackground c4\" onclick=\"heateorSssPopup(&quot;http:\/\/www.linkedin.com\/shareArticle?mini=true&amp;url=https%3A%2F%2Fsport.tunisienumerique.com%2Fmercato-abha-clot-les-debats-sur-lavenir-de-saad-bguir%2F&amp;title=Mercato%20%3A%20Abha%20cl%C3%B4t%20les%20d%C3%A9bats%20sur%20l%27avenir%20de%20Saad%20Bguir&quot;)\">\u00a0<\/em><\/li>\n<li class=\"heateorSssSharingRound\"><em alt=\"Google Gmail\" title=\"Google Gmail\" class=\"heateorSssSharing heateorSssGoogleGmailBackground c4\" onclick=\"heateorSssPopup(&quot;https:\/\/mail.google.com\/mail\/?ui=2&amp;view=cm&amp;fs=1&amp;tf=1&amp;su=Mercato%20%3A%20Abha%20cl%C3%B4t%20les%20d%C3%A9bats%20sur%20l%27avenir%20de%20Saad%20Bguir&amp;body=Link:https%3A%2F%2Fsport.tunisienumerique.com%2Fmercato-abha-clot-les-debats-sur-lavenir-de-saad-bguir%2F&quot;)\">\u00a0<\/em><\/li>\n<li class=\"heateorSssSharingRound\"><em alt=\"Whatsapp\" title=\"Whatsapp\" class=\"heateorSssSharing heateorSssWhatsappBackground c4\"><a href=\"https:\/\/web.whatsapp.com\/send?text=Mercato%20%3A%20Abha%20cl%C3%B4t%20les%20d%C3%A9bats%20sur%20l%27avenir%20de%20Saad%20Bguir%20https%3A%2F%2Fsport.tunisienumerique.com%2Fmercato-abha-clot-les-debats-sur-lavenir-de-saad-bguir%2F\" rel=\"nofollow noopener noreferrer\" target=\"_blank\">\u00a0<\/a><\/em><\/li>\n<li class=\"heateorSssSharingRound\">\u00a0<\/li>\n<\/ul>\n<\/div>\n<div class=\"mvp-org-wrap mvp-org-logo\" itemprop=\"publisher\" itemscope=\"\" itemtype=\"https:\/\/schema.org\/Organization\"><img decoding=\"async\" src=\"https:\/\/sport.tunisienumerique.com\/wp-content\/uploads\/2017\/05\/logo_tunisie_numerique.png\"\/><\/div>\n<div class=\"mvp-related-posts left relative\">\n<h4 class=\"post-header\"><span class=\"post-header\">Lire aussi<\/span><\/h4>\n<\/div>\n<div id=\"article-ad\"><ins class=\"adsbygoogle c7\" data-ad-client=\"ca-pub-2102118777505746\" data-ad-slot=\"6513972734\" data-ad-format=\"auto\" data-full-width-responsive=\"true\"\/> <\/div>\n<\/div>\n<div id=\"post-sidebar-wrap\"><ins class=\"adsbygoogle c7\" data-ad-client=\"ca-pub-2102118777505746\" data-ad-slot=\"6513972734\" data-ad-format=\"auto\" data-full-width-responsive=\"true\"\/> <\/div>\n<p>Auteur: a.<br \/>\n<a href=\"https:\/\/sport.tunisienumerique.com\/mercato-abha-clot-les-debats-sur-lavenir-de-saad-bguir\/\">Cliquez ici pour lire l&rsquo;article depuis sa source.<\/a><\/p>\n","protected":false},"excerpt":{"rendered":"<p>Cet article vous a \u00e9t\u00e9 utile? Partagez le, il int\u00e9ressera d\u2019autres personnes. Merci! \u00a0 \u00a0 \u00a0 \u00a0 \u00a0 \u00a0 Selon la presse saoudienne, l\u2019international tunisien, Saad Bguir poursuivra son aventure avec Abha, la prochaine saison. Selon le journal saoudien d\u2019Arriyadiyah, un dirigeant de la formation saoudienne a d\u00e9voil\u00e9 que l\u2019\u00e9quipe n\u2019a re\u00e7u aucune offre pour [&hellip;]<\/p>\n","protected":false},"author":1789,"featured_media":86302,"comment_status":"closed","ping_status":"closed","sticky":false,"template":"","format":"standard","meta":{"fifu_image_url":"","fifu_image_alt":"","footnotes":""},"categories":[73,55],"tags":[],"class_list":["post-86301","post","type-post","status-publish","format-standard","has-post-thumbnail","hentry","category-actualite","category-tunisie"],"_links":{"self":[{"href":"https:\/\/linitiative.ca\/International\/wp-json\/wp\/v2\/posts\/86301","targetHints":{"allow":["GET"]}}],"collection":[{"href":"https:\/\/linitiative.ca\/International\/wp-json\/wp\/v2\/posts"}],"about":[{"href":"https:\/\/linitiative.ca\/International\/wp-json\/wp\/v2\/types\/post"}],"author":[{"embeddable":true,"href":"https:\/\/linitiative.ca\/International\/wp-json\/wp\/v2\/users\/1789"}],"replies":[{"embeddable":true,"href":"https:\/\/linitiative.ca\/International\/wp-json\/wp\/v2\/comments?post=86301"}],"version-history":[{"count":0,"href":"https:\/\/linitiative.ca\/International\/wp-json\/wp\/v2\/posts\/86301\/revisions"}],"wp:featuredmedia":[{"embeddable":true,"href":"https:\/\/linitiative.ca\/International\/wp-json\/"}],"wp:attachment":[{"href":"https:\/\/linitiative.ca\/International\/wp-json\/wp\/v2\/media?parent=86301"}],"wp:term":[{"taxonomy":"category","embeddable":true,"href":"https:\/\/linitiative.ca\/International\/wp-json\/wp\/v2\/categories?post=86301"},{"taxonomy":"post_tag","embeddable":true,"href":"https:\/\/linitiative.ca\/International\/wp-json\/wp\/v2\/tags?post=86301"}],"curies":[{"name":"wp","href":"https:\/\/api.w.org\/{rel}","templated":true}]}}