{"id":86309,"date":"2020-05-21T14:07:20","date_gmt":"2020-05-21T18:07:20","guid":{"rendered":"https:\/\/linitiative.ca\/International\/resultats-des-municipales-au-benin\/"},"modified":"2020-05-21T14:07:20","modified_gmt":"2020-05-21T18:07:20","slug":"resultats-des-municipales-au-benin","status":"publish","type":"post","link":"https:\/\/linitiative.ca\/International\/resultats-des-municipales-au-benin\/","title":{"rendered":"RESULTATS DES MUNICIPALES AU BENIN"},"content":{"rendered":"<div class=\"stream-item stream-item-above-post-content\">\n<p><noscript><\/p>\n<p><a href=\"\/\/www3.smartadserver.com\/ac?jump=1&amp;nwid=2136&amp;siteid=240610&amp;pgname=rg&amp;fmtid=49046&amp;visit=m&amp;tmstp=[timestamp]&amp;out=nonrich\" target=\"_blank\" rel=\"noopener noreferrer\"><img decoding=\"async\" src=\"http:\/\/www3.smartadserver.com\/ac?out=nonrich&amp;nwid=2136&amp;siteid=240610&amp;pgname=rg&amp;fmtid=49046&amp;visit=m&amp;tmstp=[timestamp]\" border=\"0\" alt=\"\"\/><\/a><\/p>\n<p><\/noscript><\/div>\n<p class=\"c3\"><em>Le 21 mai dernier, les r\u00e9sultats provisoires des \u00e9lections municipales au B\u00e9nin, ont \u00e9t\u00e9 publi\u00e9s par la Commission \u00e9lectorale nationale autonome (CENA). Sans surprise, les deux partis du chef de l\u2019Etat, Patrice Talon, \u00e0 savoir l\u2019Union progressiste et le Bloc r\u00e9publicain se sont accapar\u00e9s de la part du lion. En effet, ces deux formations politiques dansant au rythme du tambour du pr\u00e9sident Talon, ont engrang\u00e9 \u00e0 elles seules, 1555 si\u00e8ges sur 1815 pr\u00e9vus, soit 77%.<\/em> <em>Seulement 260 si\u00e8ges, soit environ 15% des votes, ont \u00e9t\u00e9 conc\u00e9d\u00e9s , peut-on dire , \u00e0 la Force Cauris pour un B\u00e9nin nouveau (FCBE), l\u2019ex-parti de Thomas Boni Yayi. En rappel, l\u2019ancien pr\u00e9sident a pris cong\u00e9 de la FCBE, parti qu\u2019il avait port\u00e9 sur les fonts baptismaux, parce qu\u2019il le soup\u00e7onnait d\u2019\u00eatre inf\u00e9od\u00e9 \u00e0 Patrice Talon. De ce point de vue , l\u2019on peut poser l\u2019op\u00e9ration suivante en terme de nombre de conseillers pro-Talon : 1555 si\u00e8ges+260 si\u00e8ges= ? le r\u00e9sultat donne 1815, soit 100% des votes. Doit-on en rire ou en pleurer ? Les deux \u00e0 la fois. L\u2019on doit en rire parce qu\u2019un tel r\u00e9sultat s\u2019apparente \u00e0 un gag. Et du c\u00f4t\u00e9 de l\u2019Occident, l\u2019on ne manquera pas, en guise de d\u00e9rision, de d\u00e9crypter cela comme faisant partie des bizarreries de la d\u00e9mocratie made in Africa. Mais l\u2019on doit en m\u00eame temps \u00e9craser une larme pour la d\u00e9mocratie au B\u00e9nin. En effet, si un tel score avait \u00e9t\u00e9 enregistr\u00e9 au pays du \u00ab propri\u00e9taire de la bananeraie \u00bb, c\u2019est-\u00e0-dire en Ouganda de Yoweri Museveni, par exemple, personne n\u2019aurait cri\u00e9 au scandale. Mais, que ce r\u00e9sultat soit enregistr\u00e9 au B\u00e9nin, peut \u00eatre per\u00e7u comme un v\u00e9ritable g\u00e2chis. Car, le B\u00e9nin a la r\u00e9putation d\u2019\u00eatre la vitrine d\u00e9mocratique de l\u2019Afrique de l\u2019Ouest. Et cette r\u00e9putation a \u00e9t\u00e9 construite brique apr\u00e8s brique par les pr\u00e9sidents qui se sont succ\u00e9d\u00e9 \u00e0 la t\u00eate du pays, depuis le renouveau d\u00e9mocratique amorc\u00e9 dans les ann\u00e9es 90. Patrice Talon est en train de travailler \u00e0 r\u00e9unir les ingr\u00e9dients pour la mort du pluralisme politique au B\u00e9nin.<\/em><\/p>\n<p class=\"c3\"><strong><em>Seul Talon et des candidats fantoches qu\u2019il aura s\u00e9lectionn\u00e9s, pourront b\u00e9n\u00e9ficier des parrainages des \u00e9lus afin d\u2019avoir le quitus pour briguer la magistrature supr\u00eame<\/em><\/strong><\/p>\n<p class=\"c3\"><em>Par voie de cons\u00e9quence, c\u2019est la d\u00e9mocratie qu\u2019il est en train de conduire m\u00e9thodiquement \u00e0 l\u2019abattoir. La premi\u00e8re \u00e9tape de sa m\u00e9thode, a \u00e9t\u00e9 de mettre en place une Assembl\u00e9e nationale pendue \u00e0 ses basques. Ce fut fait \u00e0 la faveur des \u00e9lections l\u00e9gislatives d\u2019avril 2019. Et le moins que l\u2019on puisse dire, c\u2019est que ce scrutin a choqu\u00e9 par son caract\u00e8re non inclusif. En effet, \u00e0 force d\u2019intrigues et de condamnations arbitraires, Patrice Talon a r\u00e9ussi \u00e0 exclure les partis d\u2019opposition de la comp\u00e9tition. De ce fait, tous les d\u00e9put\u00e9s \u00e9lus ne respirent que par les narines de Talon. Et pour remercier leur bienfaiteur, leur premier acte l\u00e9gislatif a \u00e9t\u00e9 de voter une modification constitutionnelle qui fait obligation aux futurs candidats \u00e0 la pr\u00e9sidentielle, d\u2019\u00eatre parrain\u00e9s par des d\u00e9put\u00e9s et des maires. Depuis donc le 21 mai, la deuxi\u00e8me \u00e9tape du plan anti-d\u00e9mocratie de Talon a \u00e9t\u00e9 franchie. En effet, Patrice Talon vient de r\u00e9aliser un sans-faute aux municipales en obtenant, rassurez-vous, et ce n\u2019est pas une erreur, 1815 si\u00e8ges sur 1815 si\u00e8ges en jeu, soit 100% des votes. Apr\u00e8s donc ces\u00a0l\u00e9gislatives et ces municipales, 100% des d\u00e9put\u00e9s et 100% des futurs maires seront inf\u00e9od\u00e9s \u00e0 Patrice Talon. Par cons\u00e9quent, seul ce dernier et des candidats fantoches qu\u2019il aura s\u00e9lectionn\u00e9s, pourront b\u00e9n\u00e9ficier des parrainages des \u00e9lus afin d\u2019avoir le quitus pour briguer la magistrature supr\u00eame. C\u2019est pourquoi l\u2019on peut affirmer, sans aucun risque de se tromper, que les r\u00e9sultats des municipales du 17 mai, s\u2019apparentent \u00e0 un boulevard que Patrice Talon s\u2019est ouvert pour la pr\u00e9sidentielle de 2021. La grande question est de savoir qui arr\u00eatera Patrice Talon dans sa volont\u00e9 affich\u00e9e de rabougrir la d\u00e9mocratie b\u00e9ninoise\u00a0. Cette question est d\u2019autant plus fond\u00e9e que l\u2019on peut avoir l\u2019impression que Patrice Talon a r\u00e9ussi l\u2019exploit de pousser les opposants, en tout cas ceux qui sont rest\u00e9s au pays , \u00e0 la r\u00e9signation. En outre, le richissime homme d\u2019affaires devenu pr\u00e9sident, n\u2019a rien \u00e0 cirer avec ce que les autres pensent de sa gouvernance d\u00e9mocratique. Il reste la soci\u00e9t\u00e9 civile. L\u00e0 encore, on peut douter de sa capacit\u00e9 \u00e0 refroidir les ardeurs anti-d\u00e9mocratiques de Talon. Car, ce dernier semble avoir fait parler sa fortune pour obtenir le silence de bien des organisations de la soci\u00e9t\u00e9 civile nagu\u00e8re tr\u00e8s critiques.<\/em><\/p>\n<p class=\"c3\"><strong><em>Pousdem Pickou<\/em><\/strong><\/p>\n<p>Auteur: Le Pays<br \/>\n<a href=\"http:\/\/lepays.bf\/resultats-des-municipales-au-benin\/\">Cliquez ici pour lire l&rsquo;article depuis sa source.<\/a><\/p>\n","protected":false},"excerpt":{"rendered":"<p>Le 21 mai dernier, les r\u00e9sultats provisoires des \u00e9lections municipales au B\u00e9nin, ont \u00e9t\u00e9 publi\u00e9s par la Commission \u00e9lectorale nationale autonome (CENA). Sans surprise, les deux partis du chef de l\u2019Etat, Patrice Talon, \u00e0 savoir l\u2019Union progressiste et le Bloc r\u00e9publicain se sont accapar\u00e9s de la part du lion. En effet, ces deux formations politiques [&hellip;]<\/p>\n","protected":false},"author":1813,"featured_media":0,"comment_status":"closed","ping_status":"closed","sticky":false,"template":"","format":"standard","meta":{"fifu_image_url":"","fifu_image_alt":"","footnotes":""},"categories":[73,81],"tags":[],"class_list":["post-86309","post","type-post","status-publish","format-standard","hentry","category-actualite","category-burkina-faso"],"_links":{"self":[{"href":"https:\/\/linitiative.ca\/International\/wp-json\/wp\/v2\/posts\/86309","targetHints":{"allow":["GET"]}}],"collection":[{"href":"https:\/\/linitiative.ca\/International\/wp-json\/wp\/v2\/posts"}],"about":[{"href":"https:\/\/linitiative.ca\/International\/wp-json\/wp\/v2\/types\/post"}],"author":[{"embeddable":true,"href":"https:\/\/linitiative.ca\/International\/wp-json\/wp\/v2\/users\/1813"}],"replies":[{"embeddable":true,"href":"https:\/\/linitiative.ca\/International\/wp-json\/wp\/v2\/comments?post=86309"}],"version-history":[{"count":0,"href":"https:\/\/linitiative.ca\/International\/wp-json\/wp\/v2\/posts\/86309\/revisions"}],"wp:attachment":[{"href":"https:\/\/linitiative.ca\/International\/wp-json\/wp\/v2\/media?parent=86309"}],"wp:term":[{"taxonomy":"category","embeddable":true,"href":"https:\/\/linitiative.ca\/International\/wp-json\/wp\/v2\/categories?post=86309"},{"taxonomy":"post_tag","embeddable":true,"href":"https:\/\/linitiative.ca\/International\/wp-json\/wp\/v2\/tags?post=86309"}],"curies":[{"name":"wp","href":"https:\/\/api.w.org\/{rel}","templated":true}]}}