{"id":86311,"date":"2020-05-21T09:34:31","date_gmt":"2020-05-21T13:34:31","guid":{"rendered":"https:\/\/linitiative.ca\/International\/covid-19-au-burkina-faso-03-nouveaux-cas-confirmes-tous-a-ouagadougou\/"},"modified":"2020-05-21T09:34:31","modified_gmt":"2020-05-21T13:34:31","slug":"covid-19-au-burkina-faso-03-nouveaux-cas-confirmes-tous-a-ouagadougou","status":"publish","type":"post","link":"https:\/\/linitiative.ca\/International\/covid-19-au-burkina-faso-03-nouveaux-cas-confirmes-tous-a-ouagadougou\/","title":{"rendered":"COVID-19 au Burkina Faso: 03 nouveaux cas confirm\u00e9s, tous  \u00e0 Ouagadougou"},"content":{"rendered":"<div class=\"td-post-sharing-top td-post-sharing td-ps-bg td-ps-padding td-ps-bar td-post-sharing-style6\">\n<div class=\"td-post-sharing-visible\"><a class=\"td-social-sharing-button td-social-sharing-button-js td-social-network td-social-facebook\" href=\"https:\/\/www.facebook.com\/sharer.php?u=https%3A%2F%2Fwww.sidwaya.info%2Fblog%2F2020%2F05%2F21%2Fcovid-19-au-burkina-faso-03-nouveaux-cas-confirmes-tous-a-ouagadougou%2F\"\/><\/p>\n<p>Facebook<\/p>\n<p><a class=\"td-social-sharing-button td-social-sharing-button-js td-social-network td-social-twitter\" href=\"https:\/\/twitter.com\/intent\/tweet?text=COVID-19+au+Burkina+Faso%3A+03+nouveaux+cas+confirm%C3%A9s%2C+tous++%C3%A0+Ouagadougou&amp;url=https%3A%2F%2Fwww.sidwaya.info%2Fblog%2F2020%2F05%2F21%2Fcovid-19-au-burkina-faso-03-nouveaux-cas-confirmes-tous-a-ouagadougou%2F&amp;via=Quotidien+Sidwaya\"\/><\/p>\n<p>Twitter<\/p>\n<p><a class=\"td-social-sharing-button td-social-sharing-button-js td-social-network td-social-pinterest\" href=\"https:\/\/pinterest.com\/pin\/create\/button\/?url=https:\/\/www.sidwaya.info\/blog\/2020\/05\/21\/covid-19-au-burkina-faso-03-nouveaux-cas-confirmes-tous-a-ouagadougou\/&amp;media=https:\/\/www.sidwaya.info\/wp-content\/uploads\/2020\/05\/covi.jpg&amp;description=COVID-19+au+Burkina+Faso%3A+03+nouveaux+cas+confirm%C3%A9s%2C+tous++%C3%A0+Ouagadougou\"\/><\/p>\n<p>Pinterest<\/p>\n<p><a class=\"td-social-sharing-button td-social-sharing-button-js td-social-network td-social-whatsapp\" href=\"whatsapp:\/\/send?text=COVID-19+au+Burkina+Faso%3A+03+nouveaux+cas+confirm%C3%A9s%2C+tous++%C3%A0+Ouagadougou%20%0A%0A%20https:\/\/www.sidwaya.info\/blog\/2020\/05\/21\/covid-19-au-burkina-faso-03-nouveaux-cas-confirmes-tous-a-ouagadougou\/\"\/><\/p>\n<p>WhatsApp<\/p>\n<p><a class=\"td-social-sharing-button td-social-sharing-button-js td-social-network td-social-linkedin\" href=\"https:\/\/www.linkedin.com\/shareArticle?mini=true&amp;url=https:\/\/www.sidwaya.info\/blog\/2020\/05\/21\/covid-19-au-burkina-faso-03-nouveaux-cas-confirmes-tous-a-ouagadougou\/&amp;title=COVID-19+au+Burkina+Faso%3A+03+nouveaux+cas+confirm%C3%A9s%2C+tous++%C3%A0+Ouagadougou\"\/><\/p>\n<p>Linkedin<\/p>\n<p><a class=\"td-social-sharing-button td-social-sharing-button-js td-social-network td-social-mail\" href=\"mailto:?subject=COVID-19%20au%20Burkina%20Faso:%2003%20nouveaux%20cas%20confirm%C3%A9s,%20tous%20%C3%A0%20Ouagadougou&amp;body=https:\/\/www.sidwaya.info\/blog\/2020\/05\/21\/covid-19-au-burkina-faso-03-nouveaux-cas-confirmes-tous-a-ouagadougou\/\"\/><\/p>\n<p>Email<\/p>\n<p><a class=\"td-social-sharing-button td-social-sharing-button-js td-social-network td-social-print\" href=\"#\"\/><\/p>\n<p>Print<\/p>\n<p><a class=\"td-social-sharing-button td-social-sharing-button-js td-social-network td-social-tumblr\" href=\"https:\/\/www.tumblr.com\/share\/link?url=https:\/\/www.sidwaya.info\/blog\/2020\/05\/21\/covid-19-au-burkina-faso-03-nouveaux-cas-confirmes-tous-a-ouagadougou\/&amp;name=COVID-19%20au%20Burkina%20Faso:%2003%20nouveaux%20cas%20confirm%C3%A9s,%20tous%20%C3%A0%20Ouagadougou\"\/><\/p>\n<p>Tumblr<\/p>\n<p><a class=\"td-social-sharing-button td-social-sharing-button-js td-social-network td-social-telegram\" href=\"https:\/\/telegram.me\/share\/url?url=https:\/\/www.sidwaya.info\/blog\/2020\/05\/21\/covid-19-au-burkina-faso-03-nouveaux-cas-confirmes-tous-a-ouagadougou\/&amp;text=COVID-19+au+Burkina+Faso%3A+03+nouveaux+cas+confirm%C3%A9s%2C+tous++%C3%A0+Ouagadougou\"\/><\/p>\n<p>Telegram<\/p>\n<p><a class=\"td-social-sharing-button td-social-sharing-button-js td-social-network td-social-viber\" href=\"viber:\/\/forward?text=COVID-19+au+Burkina+Faso%3A+03+nouveaux+cas+confirm%C3%A9s%2C+tous++%C3%A0+Ouagadougou%20https:\/\/www.sidwaya.info\/blog\/2020\/05\/21\/covid-19-au-burkina-faso-03-nouveaux-cas-confirmes-tous-a-ouagadougou\/\"\/><\/p>\n<p>Viber<\/p>\n<p><a class=\"td-social-sharing-button td-social-sharing-button-js td-social-network td-social-naver\" href=\"https:\/\/share.naver.com\/web\/shareView.nhn?url=https:\/\/www.sidwaya.info\/blog\/2020\/05\/21\/covid-19-au-burkina-faso-03-nouveaux-cas-confirmes-tous-a-ouagadougou\/&amp;title=COVID-19+au+Burkina+Faso%3A+03+nouveaux+cas+confirm%C3%A9s%2C+tous++%C3%A0+Ouagadougou\"\/><\/p>\n<p>Naver<\/p>\n<\/div>\n<\/div>\n<div class=\"td-post-content tagdiv-type\" readability=\"40\">\n<div class=\"td-post-featured-image\"><a href=\"https:\/\/www.sidwaya.info\/wp-content\/uploads\/2020\/05\/covi.jpg\" data-caption=\"\"><img loading=\"lazy\" decoding=\"async\" width=\"300\" height=\"168\" class=\"entry-thumb td-modal-image\" src=\"https:\/\/www.sidwaya.info\/wp-content\/uploads\/2020\/05\/covi.jpg\" alt=\"\" title=\"covi\"\/><\/a><\/div>\n<p>A la date du 19 mai 2020, la situation de la maladie \u00e0 Coronavirus au Burkina Faso se pr\u00e9sente comme suit :<br \/>155 \u00e9chantillons analys\u00e9s, r\u00e9partis-en :<br \/>\u2013 04 tests de voyageurs ;<br \/>\u2013 28 tests de cas contacts ;<br \/>\u2013 14 tests de cas suspects ;<br \/>\u2013 66 tests d\u2019h\u00e9modialys\u00e9s ;<br \/>\u2013 24 tests de contr\u00f4les ;<br \/>\u2013 19 tests d\u2019agents de sant\u00e9.<br \/>Nombre de nouveaux cas confirm\u00e9s : 03 tous \u00e0 transmissions communautaires \u00e0 Ouagadougou ;<br \/>Nombre de gu\u00e9risons : 08, portant \u00e0 669, le total des gu\u00e9risons ;<br \/>Nombre de d\u00e9c\u00e8s : 00, total des d\u00e9c\u00e8s 52 ;<br \/>Nombre de cas actifs : 91 ;<br \/>Nombre de cas confirm\u00e9s depuis le 09 mars 2020 : 812 dont 300 femmes et 512 hommes.<\/p>\n<p>SIG<\/p>\n<p><img loading=\"lazy\" decoding=\"async\" class=\"alignleft size-full wp-image-22347\" src=\"https:\/\/www.sidwaya.info\/wp-content\/uploads\/2020\/05\/99153630_1195888267420881_6871313229620969472_o.jpg\" alt=\"\" width=\"678\" height=\"960\" srcset=\"https:\/\/www.sidwaya.info\/wp-content\/uploads\/2020\/05\/99153630_1195888267420881_6871313229620969472_o.jpg 678w, https:\/\/www.sidwaya.info\/wp-content\/uploads\/2020\/05\/99153630_1195888267420881_6871313229620969472_o-212x300.jpg 212w, https:\/\/www.sidwaya.info\/wp-content\/uploads\/2020\/05\/99153630_1195888267420881_6871313229620969472_o-297x420.jpg 297w\" sizes=\"auto, (max-width: 678px) 100vw, 678px\"\/><\/p>\n<div class=\"td-a-rec td-a-rec-id-content_inline tdi_30_e4c td_block_template_1\"><img loading=\"lazy\" decoding=\"async\" class=\"aligncenter size-full wp-image-21314\" src=\"https:\/\/www.sidwaya.info\/wp-content\/uploads\/2020\/04\/Bandeau-Covid-19-Sidwaya-1.jpg\" alt=\"\" width=\"790\" height=\"98\"\/><\/div>\n<div class=\"td-a-rec td-a-rec-id-content_bottom tdi_31_6e6 td_block_template_1\"><img loading=\"lazy\" decoding=\"async\" class=\"aligncenter size-full wp-image-9623\" src=\"https:\/\/www.sidwaya.info\/wp-content\/uploads\/2019\/06\/Projet-bannie\u0300re-Orange-mobile.jpg\" alt=\"\" width=\"728\" height=\"81\"\/><\/div>\n<\/div>\n<footer>\n<div class=\"td-post-sharing-bottom\">\n<p><iframe frameborder=\"0\" src=\"https:\/\/www.facebook.com\/plugins\/like.php?href=https:\/\/www.sidwaya.info\/blog\/2020\/05\/21\/covid-19-au-burkina-faso-03-nouveaux-cas-confirmes-tous-a-ouagadougou\/&amp;layout=button_count&amp;show_faces=false&amp;width=105&amp;action=like&amp;colorscheme=light&amp;height=21\" class=\"c1\">[embedded content]<\/iframe><\/p>\n<div id=\"td_social_sharing_article_bottom\" class=\"td-post-sharing td-ps-bg td-ps-padding td-post-sharing-style7\">\n<div class=\"td-post-sharing-visible\"><a class=\"td-social-sharing-button td-social-sharing-button-js td-social-network td-social-facebook\" href=\"https:\/\/www.facebook.com\/sharer.php?u=https%3A%2F%2Fwww.sidwaya.info%2Fblog%2F2020%2F05%2F21%2Fcovid-19-au-burkina-faso-03-nouveaux-cas-confirmes-tous-a-ouagadougou%2F\"\/><\/p>\n<p>Facebook<\/p>\n<p><a class=\"td-social-sharing-button td-social-sharing-button-js td-social-network td-social-twitter\" href=\"https:\/\/twitter.com\/intent\/tweet?text=COVID-19+au+Burkina+Faso%3A+03+nouveaux+cas+confirm%C3%A9s%2C+tous++%C3%A0+Ouagadougou&amp;url=https%3A%2F%2Fwww.sidwaya.info%2Fblog%2F2020%2F05%2F21%2Fcovid-19-au-burkina-faso-03-nouveaux-cas-confirmes-tous-a-ouagadougou%2F&amp;via=Quotidien+Sidwaya\"\/><\/p>\n<p>Twitter<\/p>\n<p><a class=\"td-social-sharing-button td-social-sharing-button-js td-social-network td-social-pinterest\" href=\"https:\/\/pinterest.com\/pin\/create\/button\/?url=https:\/\/www.sidwaya.info\/blog\/2020\/05\/21\/covid-19-au-burkina-faso-03-nouveaux-cas-confirmes-tous-a-ouagadougou\/&amp;media=https:\/\/www.sidwaya.info\/wp-content\/uploads\/2020\/05\/covi.jpg&amp;description=COVID-19+au+Burkina+Faso%3A+03+nouveaux+cas+confirm%C3%A9s%2C+tous++%C3%A0+Ouagadougou\"\/><\/p>\n<p>Pinterest<\/p>\n<p><a class=\"td-social-sharing-button td-social-sharing-button-js td-social-network td-social-whatsapp\" href=\"whatsapp:\/\/send?text=COVID-19+au+Burkina+Faso%3A+03+nouveaux+cas+confirm%C3%A9s%2C+tous++%C3%A0+Ouagadougou%20%0A%0A%20https:\/\/www.sidwaya.info\/blog\/2020\/05\/21\/covid-19-au-burkina-faso-03-nouveaux-cas-confirmes-tous-a-ouagadougou\/\"\/><\/p>\n<p>WhatsApp<\/p>\n<p><a class=\"td-social-sharing-button td-social-sharing-button-js td-social-network td-social-linkedin\" href=\"https:\/\/www.linkedin.com\/shareArticle?mini=true&amp;url=https:\/\/www.sidwaya.info\/blog\/2020\/05\/21\/covid-19-au-burkina-faso-03-nouveaux-cas-confirmes-tous-a-ouagadougou\/&amp;title=COVID-19+au+Burkina+Faso%3A+03+nouveaux+cas+confirm%C3%A9s%2C+tous++%C3%A0+Ouagadougou\"\/><\/p>\n<p>Linkedin<\/p>\n<p><a class=\"td-social-sharing-button td-social-sharing-button-js td-social-network td-social-mail\" href=\"mailto:?subject=COVID-19%20au%20Burkina%20Faso:%2003%20nouveaux%20cas%20confirm%C3%A9s,%20tous%20%C3%A0%20Ouagadougou&amp;body=https:\/\/www.sidwaya.info\/blog\/2020\/05\/21\/covid-19-au-burkina-faso-03-nouveaux-cas-confirmes-tous-a-ouagadougou\/\"\/><\/p>\n<p>Email<\/p>\n<p><a class=\"td-social-sharing-button td-social-sharing-button-js td-social-network td-social-print\" href=\"#\"\/><\/p>\n<p>Print<\/p>\n<p><a class=\"td-social-sharing-button td-social-sharing-button-js td-social-network td-social-tumblr\" href=\"https:\/\/www.tumblr.com\/share\/link?url=https:\/\/www.sidwaya.info\/blog\/2020\/05\/21\/covid-19-au-burkina-faso-03-nouveaux-cas-confirmes-tous-a-ouagadougou\/&amp;name=COVID-19%20au%20Burkina%20Faso:%2003%20nouveaux%20cas%20confirm%C3%A9s,%20tous%20%C3%A0%20Ouagadougou\"\/><\/p>\n<p>Tumblr<\/p>\n<p><a class=\"td-social-sharing-button td-social-sharing-button-js td-social-network td-social-telegram\" href=\"https:\/\/telegram.me\/share\/url?url=https:\/\/www.sidwaya.info\/blog\/2020\/05\/21\/covid-19-au-burkina-faso-03-nouveaux-cas-confirmes-tous-a-ouagadougou\/&amp;text=COVID-19+au+Burkina+Faso%3A+03+nouveaux+cas+confirm%C3%A9s%2C+tous++%C3%A0+Ouagadougou\"\/><\/p>\n<p>Telegram<\/p>\n<p><a class=\"td-social-sharing-button td-social-sharing-button-js td-social-network td-social-viber\" href=\"viber:\/\/forward?text=COVID-19+au+Burkina+Faso%3A+03+nouveaux+cas+confirm%C3%A9s%2C+tous++%C3%A0+Ouagadougou%20https:\/\/www.sidwaya.info\/blog\/2020\/05\/21\/covid-19-au-burkina-faso-03-nouveaux-cas-confirmes-tous-a-ouagadougou\/\"\/><\/p>\n<p>Viber<\/p>\n<p><a class=\"td-social-sharing-button td-social-sharing-button-js td-social-network td-social-naver\" href=\"https:\/\/share.naver.com\/web\/shareView.nhn?url=https:\/\/www.sidwaya.info\/blog\/2020\/05\/21\/covid-19-au-burkina-faso-03-nouveaux-cas-confirmes-tous-a-ouagadougou\/&amp;title=COVID-19+au+Burkina+Faso%3A+03+nouveaux+cas+confirm%C3%A9s%2C+tous++%C3%A0+Ouagadougou\"\/><\/p>\n<p>Naver<\/p>\n<\/div>\n<\/div>\n<\/div>\n<div class=\"td-block-row td-post-next-prev\">\n<div class=\"td-block-span6 td-post-prev-post td-post-next-prev-content\"><span>Article pr\u00e9c\u00e9dent<\/span><a href=\"https:\/\/www.sidwaya.info\/blog\/2020\/05\/20\/covid-19-03-nouveaux-cas-confirmes-dont-01-importe-senegal-et-02-a-bobo-dioulasso\/\">Covid-19: 03 nouveaux cas confirm\u00e9s, dont 01 import\u00e9 (S\u00e9n\u00e9gal) et 02 \u00e0 Bobo-Dioulasso ;<\/a><\/div>\n<\/div>\n<\/footer>\n<p>Auteur: BS. Sidwaya<br \/>\n<a href=\"https:\/\/www.sidwaya.info\/blog\/2020\/05\/21\/covid-19-au-burkina-faso-03-nouveaux-cas-confirmes-tous-a-ouagadougou\/\">Cliquez ici pour lire l&rsquo;article depuis sa source.<\/a><\/p>\n","protected":false},"excerpt":{"rendered":"<p>Facebook Twitter Pinterest WhatsApp Linkedin Email Print Tumblr Telegram Viber Naver A la date du 19 mai 2020, la situation de la maladie \u00e0 Coronavirus au Burkina Faso se pr\u00e9sente comme suit :155 \u00e9chantillons analys\u00e9s, r\u00e9partis-en :\u2013 04 tests de voyageurs ;\u2013 28 tests de cas contacts ;\u2013 14 tests de cas suspects ;\u2013 66 [&hellip;]<\/p>\n","protected":false},"author":1816,"featured_media":86312,"comment_status":"closed","ping_status":"closed","sticky":false,"template":"","format":"standard","meta":{"fifu_image_url":"","fifu_image_alt":"","footnotes":""},"categories":[73,81],"tags":[],"class_list":["post-86311","post","type-post","status-publish","format-standard","has-post-thumbnail","hentry","category-actualite","category-burkina-faso"],"_links":{"self":[{"href":"https:\/\/linitiative.ca\/International\/wp-json\/wp\/v2\/posts\/86311","targetHints":{"allow":["GET"]}}],"collection":[{"href":"https:\/\/linitiative.ca\/International\/wp-json\/wp\/v2\/posts"}],"about":[{"href":"https:\/\/linitiative.ca\/International\/wp-json\/wp\/v2\/types\/post"}],"author":[{"embeddable":true,"href":"https:\/\/linitiative.ca\/International\/wp-json\/wp\/v2\/users\/1816"}],"replies":[{"embeddable":true,"href":"https:\/\/linitiative.ca\/International\/wp-json\/wp\/v2\/comments?post=86311"}],"version-history":[{"count":0,"href":"https:\/\/linitiative.ca\/International\/wp-json\/wp\/v2\/posts\/86311\/revisions"}],"wp:featuredmedia":[{"embeddable":true,"href":"https:\/\/linitiative.ca\/International\/wp-json\/"}],"wp:attachment":[{"href":"https:\/\/linitiative.ca\/International\/wp-json\/wp\/v2\/media?parent=86311"}],"wp:term":[{"taxonomy":"category","embeddable":true,"href":"https:\/\/linitiative.ca\/International\/wp-json\/wp\/v2\/categories?post=86311"},{"taxonomy":"post_tag","embeddable":true,"href":"https:\/\/linitiative.ca\/International\/wp-json\/wp\/v2\/tags?post=86311"}],"curies":[{"name":"wp","href":"https:\/\/api.w.org\/{rel}","templated":true}]}}