{"id":86313,"date":"2020-05-21T09:18:04","date_gmt":"2020-05-21T13:18:04","guid":{"rendered":"https:\/\/linitiative.ca\/International\/cote-divoire-la-communaute-libanaise-rejoint-la-chaine-de-solidarite-contre-la-covid-19\/"},"modified":"2020-05-21T09:18:04","modified_gmt":"2020-05-21T13:18:04","slug":"cote-divoire-la-communaute-libanaise-rejoint-la-chaine-de-solidarite-contre-la-covid-19","status":"publish","type":"post","link":"https:\/\/linitiative.ca\/International\/cote-divoire-la-communaute-libanaise-rejoint-la-chaine-de-solidarite-contre-la-covid-19\/","title":{"rendered":"C\u00f4te d\u2019Ivoire: la communaut\u00e9 libanaise rejoint la cha\u00eene de solidarit\u00e9 contre la Covid-19"},"content":{"rendered":"<div readability=\"32\">\n<p>Publi\u00e9 le 21.05.2020 \u00e0 14h18 par APA News<\/p>\n<\/div>\n<div readability=\"78\">\n<p>La communaut\u00e9 libanaise Algadir a rejoint la cha\u00eene de solidarit\u00e9 mise en place par le gouvernement ivoirien contre la Covid-19 avec un don de vivres et de non-vivres d\u2019une valeur de 12 millions FCFA au minist\u00e8re ivoirien de la solidarit\u00e9, de la coh\u00e9sion sociale et de la lutte contre la pauvret\u00e9.\u00ab Ce don compos\u00e9 de kits alimentaires, de pompes de st\u00e9rilisation, de lits m\u00e9dicaux, de dispositif de lavage des mains etc. a \u00e9t\u00e9 r\u00e9ceptionn\u00e9 par la Ministre Mariatou Kon\u00e9 \u00bb, rapporte une note d\u2019information transmise jeudi \u00e0 APA.<\/p>\n<p>\u00ab Nous voyons la Ministre sur le terrain visiter les familles vuln\u00e9rables, \u00eatre dans leur quotidien, leur porter assistance. C\u2019est cela faire du social comme nous le recommande les saintes \u00e9critures. Nous ne pouvons que la soutenir\u00a0\u00bb, a affirm\u00e9 l\u2019imam Khaleb Kojob au nom de cette communaut\u00e9 libanaise. Pour sa part, la ministre Mariatou Kon\u00e9 a exprim\u00e9 sa gratitude au donateur pour cette action sociale.<\/p>\n<p>Dans un autre registre, cette fois dans le domaine de la traite des personnes, le minist\u00e8re ivoirien de la solidarit\u00e9 a re\u00e7u des \u00e9quipements de Expertise France avec l\u2019appui de l\u2019Union Europ\u00e9enne.<\/p>\n<p>Ce don \u00e9galement destin\u00e9 au secr\u00e9tariat ex\u00e9cutif du comit\u00e9 national de lutte contre la traite des personnes (CNLTP), est compos\u00e9 d\u2019ordinateurs, d\u2019imprimantes, de tables et fauteuils de bureau, de vid\u00e9o projecteur, de tableau et de tableau de projection, etc, d\u2019une valeur de 7 millions FCFA.<\/p>\n<p>Ce don vise \u00e0 renforcer les capacit\u00e9s op\u00e9rationnelles du secr\u00e9tariat ex\u00e9cutif afin de le rendre plus performant dans la traque des coupables de traite des personnes et de trafic illicite, a indiqu\u00e9 Alexandro Rabiossi, le directeur r\u00e9gional de la lutte contre la traite des personnes chez Expertise France.<\/p>\n<p>M. Rabiossi a conclu en r\u00e9it\u00e9rant l\u2019engagement de son institution \u00e0 \u0153uvrer aux c\u00f4t\u00e9s du gouvernement pour d\u00e9manteler tous les r\u00e9seaux de traite des personnes et mettre fin \u00e0 cette pratique en C\u00f4te d\u2019Ivoire.<\/p>\n<\/div>\n<p>Auteur: APA News<br \/>\n<a href=\"https:\/\/www.journalducameroun.com\/cote-divoire-la-communaute-libanaise-rejoint-la-chaine-de-solidarite-contre-la-covid-19\/\">Cliquez ici pour lire l&rsquo;article depuis sa source.<\/a><\/p>\n","protected":false},"excerpt":{"rendered":"<p>Publi\u00e9 le 21.05.2020 \u00e0 14h18 par APA News La communaut\u00e9 libanaise Algadir a rejoint la cha\u00eene de solidarit\u00e9 mise en place par le gouvernement ivoirien contre la Covid-19 avec un don de vivres et de non-vivres d\u2019une valeur de 12 millions FCFA au minist\u00e8re ivoirien de la solidarit\u00e9, de la coh\u00e9sion sociale et de la [&hellip;]<\/p>\n","protected":false},"author":1965,"featured_media":0,"comment_status":"closed","ping_status":"closed","sticky":false,"template":"","format":"standard","meta":{"fifu_image_url":"","fifu_image_alt":"","footnotes":""},"categories":[73,82],"tags":[],"class_list":["post-86313","post","type-post","status-publish","format-standard","hentry","category-actualite","category-cameroun"],"_links":{"self":[{"href":"https:\/\/linitiative.ca\/International\/wp-json\/wp\/v2\/posts\/86313","targetHints":{"allow":["GET"]}}],"collection":[{"href":"https:\/\/linitiative.ca\/International\/wp-json\/wp\/v2\/posts"}],"about":[{"href":"https:\/\/linitiative.ca\/International\/wp-json\/wp\/v2\/types\/post"}],"author":[{"embeddable":true,"href":"https:\/\/linitiative.ca\/International\/wp-json\/wp\/v2\/users\/1965"}],"replies":[{"embeddable":true,"href":"https:\/\/linitiative.ca\/International\/wp-json\/wp\/v2\/comments?post=86313"}],"version-history":[{"count":0,"href":"https:\/\/linitiative.ca\/International\/wp-json\/wp\/v2\/posts\/86313\/revisions"}],"wp:attachment":[{"href":"https:\/\/linitiative.ca\/International\/wp-json\/wp\/v2\/media?parent=86313"}],"wp:term":[{"taxonomy":"category","embeddable":true,"href":"https:\/\/linitiative.ca\/International\/wp-json\/wp\/v2\/categories?post=86313"},{"taxonomy":"post_tag","embeddable":true,"href":"https:\/\/linitiative.ca\/International\/wp-json\/wp\/v2\/tags?post=86313"}],"curies":[{"name":"wp","href":"https:\/\/api.w.org\/{rel}","templated":true}]}}