{"id":86328,"date":"2020-05-22T10:05:29","date_gmt":"2020-05-22T14:05:29","guid":{"rendered":"https:\/\/linitiative.ca\/International\/le-chili-entre-la-faim-et-la-pandemie\/"},"modified":"2020-05-22T10:05:29","modified_gmt":"2020-05-22T14:05:29","slug":"le-chili-entre-la-faim-et-la-pandemie","status":"publish","type":"post","link":"https:\/\/linitiative.ca\/International\/le-chili-entre-la-faim-et-la-pandemie\/","title":{"rendered":"Le Chili entre la faim et la pand\u00e9mie\u2026"},"content":{"rendered":"<p class=\"has-text-color c2\"><strong>Pour endiguer la propagation du Covid-19 sur leur territoire, et notamment \u00e0 Santiago, la capitale, o\u00f9 sont concentr\u00e9s 80% des 46.000 personnes contamin\u00e9es, les autorit\u00e9s chiliennes n\u2019avaient pas d\u2019autre choix que celui d\u2019imposer aux habitants un nouveau \u00abconfinement\u00bb \u00e0 partir du vendredi 15 mai apr\u00e8s les avoir lib\u00e9r\u00e9 \u00e0 la fin du mois de mars quand le pays ne comptait qu\u2019une centaine de contaminations et aucun d\u00e9c\u00e8s.<\/strong><\/p>\n<p>Mais, tr\u00e8s mal accueillie par des chiliens qui \u00e9taient toujours dans l\u2019attente de la r\u00e9ception des colis alimentaires promis alors qu\u2019avant m\u00eame cette pand\u00e9mie, la capitale \u00e9tait en proie \u00e0 une grogne sociale sans pr\u00e9c\u00e9dent \u00e0 cause de la hausse qui, en Octobre dernier, avait affect\u00e9 les prix des tickets de m\u00e9tro, cette d\u00e9cision donna lieu \u00e0 de tr\u00e8s violents affrontements avec les forces de l\u2019ordre.<\/p>\n<p>\u00abC\u2019est le retour des casseroles\u00bb pouvait-on lire \u00e0 la Une d\u2019\u00abEl Mostrador\u00bb apr\u00e8s que les habitants d\u2019El Bosque, un quartier pauvre du sud de la capitale chilienne manifest\u00e8rent leur col\u00e8re en frappant sur des casseroles ; ce \u00ab concert \u00bb \u00e9tant devenu, depuis les \u00e9meutes d\u2019Octobre dernier, un moyen de protester contre le pouvoir.<\/p>\n<p>Mais lundi les choses devinrent plus compliqu\u00e9es et les forces de l\u2019ordre furent oblig\u00e9es de faire usage de bombes lacrymog\u00e8nes pour contrecarrer les jets de pierres d\u2019une population dont l\u2019exasp\u00e9ration \u00e9tait \u00e0 son comble du fait d\u2019une absence de travail qui perdure depuis que, pour enrayer la propagation de la pand\u00e9mie du Covid-19, les autorit\u00e9s chiliennes avaient d\u00e9clench\u00e9 l\u2019alerte sanitaire le 7 f\u00e9vrier et ordonn\u00e9, \u00e0 ce titre, la fermeture des \u00e9coles et des entreprises ainsi que l\u2019instauration d\u2019un couvre-feu. Tous les h\u00f4pitaux avaient \u00e9t\u00e9 mobilis\u00e9s et des stocks de tests et de respirateurs furent constitu\u00e9s.<\/p>\n<p>Mais, en voyant qu\u2019\u00e0 fin-mars, la propagation de la pand\u00e9mie \u00e9tait contenue puisque seules 100 personnes avaient \u00e9t\u00e9 contamin\u00e9es et qu\u2019aucune n\u2019en \u00e9tait morte, le gouvernement chilien, persuad\u00e9 que la pand\u00e9mie \u00e9tait pass\u00e9e, commen\u00e7a alors \u00e0 encourager la reprise de l\u2019activit\u00e9 \u00e9conomique m\u00eame si les autorit\u00e9s sanitaires \u00e9taient d\u2019un autre avis. Erreur fatale car apr\u00e8s une semaine, le nombre de contaminations a doubl\u00e9 et le re-confinement impos\u00e9 de nouveau ; une situation qui irrite une population craignant de passer un hiver confin\u00e9e avec la peur d\u2019un c\u00f4t\u00e9 et la faim de l\u2019autre.<\/p>\n<p>La municipalit\u00e9 d\u2019El Bosque a, dans un communiqu\u00e9,\u00a0 justifi\u00e9 le soul\u00e8vement des habitants de la capitale par la d\u00e9t\u00e9rioration de leur \u00ab qualit\u00e9 de vie \u00bb et par le manque de consid\u00e9ration de la part d\u2019un pouvoir central qui ne leur a apport\u00e9 aucune \u00ab mesure concr\u00e8te \u00bb alors m\u00eame qu\u2019ils sont sans travail depuis plus d\u2019un mois.<\/p>\n<p>L\u2019autre complication qui se profile \u00e0 l\u2019horizon a trait \u00e0 l\u2019arriv\u00e9e prochaine de cet hiver austral qui, avec ses baisses de temp\u00e9ratures, va incontestablement provoquer une augmentation des maladies respiratoires, principalement dans les quartiers pauvres de cette agglom\u00e9ration de 7 millions d\u2019habitants. Raison pour laquelle la brusque mont\u00e9e, la semaine derni\u00e8re, des cas de Covid-19 et des maladies respiratoires classiques fait craindre le pire aux m\u00e9decins chiliens qui redoutent un d\u00e9bordement du fait d\u2019une arriv\u00e9e massive des malades dans les h\u00f4pitaux.<\/p>\n<p>\u00ab Les gens ont faim \u00bb titre un journal en ligne pour rappeler que le confinement n\u2019est pas la solution car bien que le gouvernement avait promis de distribuer 2,5 millions de colis contenant des produits alimentaires et des produits de premi\u00e8re n\u00e9cessit\u00e9, cette distribution n\u2019a toujours pas eu lieu.<\/p>\n<p>Qu\u2019adviendra-t-il si l\u2019aide alimentaire qu\u2019attendent les chiliens n\u2019est pas rapidement distribu\u00e9e et que la pand\u00e9mie du Covid-19 continue inexorablement sa progression ? Attendons pour voir\u2026<\/p>\n<p class=\"c3\"><strong>Nabil El Bousaadi<\/strong><\/p>\n<p>Auteur: M&rsquo;hammed rahal<br \/>\n<a href=\"http:\/\/albayane.press.ma\/le-chili-entre-la-faim-et-la-pandemie.html\">Cliquez ici pour lire l&rsquo;article depuis sa source.<\/a><\/p>\n","protected":false},"excerpt":{"rendered":"<p>Pour endiguer la propagation du Covid-19 sur leur territoire, et notamment \u00e0 Santiago, la capitale, o\u00f9 sont concentr\u00e9s 80% des 46.000 personnes contamin\u00e9es, les autorit\u00e9s chiliennes n\u2019avaient pas d\u2019autre choix que celui d\u2019imposer aux habitants un nouveau \u00abconfinement\u00bb \u00e0 partir du vendredi 15 mai apr\u00e8s les avoir lib\u00e9r\u00e9 \u00e0 la fin du mois de mars [&hellip;]<\/p>\n","protected":false},"author":1760,"featured_media":0,"comment_status":"closed","ping_status":"closed","sticky":false,"template":"","format":"standard","meta":{"fifu_image_url":"","fifu_image_alt":"","footnotes":""},"categories":[73,54],"tags":[],"class_list":["post-86328","post","type-post","status-publish","format-standard","hentry","category-actualite","category-maroc"],"_links":{"self":[{"href":"https:\/\/linitiative.ca\/International\/wp-json\/wp\/v2\/posts\/86328","targetHints":{"allow":["GET"]}}],"collection":[{"href":"https:\/\/linitiative.ca\/International\/wp-json\/wp\/v2\/posts"}],"about":[{"href":"https:\/\/linitiative.ca\/International\/wp-json\/wp\/v2\/types\/post"}],"author":[{"embeddable":true,"href":"https:\/\/linitiative.ca\/International\/wp-json\/wp\/v2\/users\/1760"}],"replies":[{"embeddable":true,"href":"https:\/\/linitiative.ca\/International\/wp-json\/wp\/v2\/comments?post=86328"}],"version-history":[{"count":0,"href":"https:\/\/linitiative.ca\/International\/wp-json\/wp\/v2\/posts\/86328\/revisions"}],"wp:attachment":[{"href":"https:\/\/linitiative.ca\/International\/wp-json\/wp\/v2\/media?parent=86328"}],"wp:term":[{"taxonomy":"category","embeddable":true,"href":"https:\/\/linitiative.ca\/International\/wp-json\/wp\/v2\/categories?post=86328"},{"taxonomy":"post_tag","embeddable":true,"href":"https:\/\/linitiative.ca\/International\/wp-json\/wp\/v2\/tags?post=86328"}],"curies":[{"name":"wp","href":"https:\/\/api.w.org\/{rel}","templated":true}]}}