{"id":86329,"date":"2020-05-22T03:33:41","date_gmt":"2020-05-22T07:33:41","guid":{"rendered":"https:\/\/linitiative.ca\/International\/alstom-tunisie-rejoint-la-lutte-contre-la-pandemie-du-covid-19\/"},"modified":"2020-05-22T03:33:41","modified_gmt":"2020-05-22T07:33:41","slug":"alstom-tunisie-rejoint-la-lutte-contre-la-pandemie-du-covid-19","status":"publish","type":"post","link":"https:\/\/linitiative.ca\/International\/alstom-tunisie-rejoint-la-lutte-contre-la-pandemie-du-covid-19\/","title":{"rendered":"Alstom Tunisie rejoint la lutte contre la pand\u00e9mie du COVID 19"},"content":{"rendered":"<div>\n<div><span class=\"c1\"><strong>Tunisie, 22 mai 2020\u00a0\u2013\u00a0<\/strong>Face \u00e0 une crise sanitaire mondiale et \u00e0 l\u2019instar de l\u2019engagement du Groupe Alstom de contribuer \u00e0 lutte contre les effets de la pand\u00e9mie du COVID 19, Alstom Tunisie apporte une pierre \u00e0 l\u2019\u00e9difice \u00e0 travers une op\u00e9ration de dons de mat\u00e9riels de d\u00e9sinfections et une distribution de paniers alimentaires \u00e0 Bizerte et Tunis.<\/span><\/div>\n<p><span class=\"c1\">En partenariat avec l\u2019Association Bizerte 2050 et Tunisian Smart Cities, Alstom Tunisie a livr\u00e9 deux stations de d\u00e9sinfection des v\u00e9hicules et des zones de tri dans le cadre de la pr\u00e9paration du circuit COVID \u00e0 l\u2019entr\u00e9e de l\u2019h\u00f4pital Habib Bougatfa de Bizerte et de l\u2019h\u00f4pital Menzel Bourguiba.\u00a0Cette action solidaire a pour ambition de marquer une profonde reconnaissance et un soutien au personnel soignant dans sa lutte contre la pand\u00e9mie.<\/span><\/p>\n<p><span class=\"c1\">Alstom Tunisie a \u00e9galement lanc\u00e9 une campagne de dons humanitaires au profit de plus de 50 familles impact\u00e9es par la crise du COVID 19.<\/span><\/p>\n<p><span class=\"c1\"><em>\u00ab\u00a0Face aux nombreux d\u00e9fis que nous imposent cette crise sanitaire et humanitaire, nous sommes convaincus que la solidarit\u00e9 et la coh\u00e9sion sont des cl\u00e9s de r\u00e9ussite. Nous sommes fiers de pouvoir contribuer humblement \u00e0 cette lutte\u00a0\u00bb\u00a0<\/em>D\u00e9clare, Virginie Buvry, Directrice G\u00e9n\u00e9rale Alstom Tunisie.<\/span><\/p>\n<div><span class=\"c1\">Un grand nombre d\u2019initiatives de responsabilit\u00e9 sociale ont spontan\u00e9ment \u00e9merg\u00e9 parmi les employ\u00e9s et les sites Alstom partout dans le monde illustrant un esprit de solidarit\u00e9 internationale et d\u2019ing\u00e9niosit\u00e9 face \u00e0 une crise sans pr\u00e9c\u00e9dent.\u00a0<strong>Tous unis contre le COVID-19.<\/strong><\/span><\/div>\n<\/div>\n<div class=\"wp-post-author-wrap wp-post-author-shortcode left\">\n<h3 class=\"awpa-title\"\/>\n<div class=\"wp-post-author\">\n<div class=\"awpa-img awpa-author-block square\"><a href=\"http:\/\/lexpertjournal.net\/fr\/?author=5\"><img loading=\"lazy\" decoding=\"async\" alt=\"\" src=\"http:\/\/0.gravatar.com\/avatar\/97f8e10a1c1125ba104a76514ee07b16?s=150&amp;d=mm&amp;r=g\" srcset=\"http:\/\/0.gravatar.com\/avatar\/97f8e10a1c1125ba104a76514ee07b16?s=300&amp;d=mm&amp;r=g 2x\" class=\"avatar avatar-150 photo\" height=\"150\" width=\"150\"\/><\/a><\/div>\n<\/div>\n<\/div>\n<aside class=\"mashsb-container mashsb-main mashsb-stretched\">\n<\/aside>\n<p>Auteur: L&rsquo;expert<br \/>\n<a href=\"http:\/\/lexpertjournal.net\/fr\/?p=14857\">Cliquez ici pour lire l&rsquo;article depuis sa source.<\/a><\/p>\n","protected":false},"excerpt":{"rendered":"<p>Tunisie, 22 mai 2020\u00a0\u2013\u00a0Face \u00e0 une crise sanitaire mondiale et \u00e0 l\u2019instar de l\u2019engagement du Groupe Alstom de contribuer \u00e0 lutte contre les effets de la pand\u00e9mie du COVID 19, Alstom Tunisie apporte une pierre \u00e0 l\u2019\u00e9difice \u00e0 travers une op\u00e9ration de dons de mat\u00e9riels de d\u00e9sinfections et une distribution de paniers alimentaires \u00e0 Bizerte [&hellip;]<\/p>\n","protected":false},"author":1775,"featured_media":0,"comment_status":"closed","ping_status":"closed","sticky":false,"template":"","format":"standard","meta":{"fifu_image_url":"","fifu_image_alt":"","footnotes":""},"categories":[78,55],"tags":[],"class_list":["post-86329","post","type-post","status-publish","format-standard","hentry","category-economie","category-tunisie"],"_links":{"self":[{"href":"https:\/\/linitiative.ca\/International\/wp-json\/wp\/v2\/posts\/86329","targetHints":{"allow":["GET"]}}],"collection":[{"href":"https:\/\/linitiative.ca\/International\/wp-json\/wp\/v2\/posts"}],"about":[{"href":"https:\/\/linitiative.ca\/International\/wp-json\/wp\/v2\/types\/post"}],"author":[{"embeddable":true,"href":"https:\/\/linitiative.ca\/International\/wp-json\/wp\/v2\/users\/1775"}],"replies":[{"embeddable":true,"href":"https:\/\/linitiative.ca\/International\/wp-json\/wp\/v2\/comments?post=86329"}],"version-history":[{"count":0,"href":"https:\/\/linitiative.ca\/International\/wp-json\/wp\/v2\/posts\/86329\/revisions"}],"wp:attachment":[{"href":"https:\/\/linitiative.ca\/International\/wp-json\/wp\/v2\/media?parent=86329"}],"wp:term":[{"taxonomy":"category","embeddable":true,"href":"https:\/\/linitiative.ca\/International\/wp-json\/wp\/v2\/categories?post=86329"},{"taxonomy":"post_tag","embeddable":true,"href":"https:\/\/linitiative.ca\/International\/wp-json\/wp\/v2\/tags?post=86329"}],"curies":[{"name":"wp","href":"https:\/\/api.w.org\/{rel}","templated":true}]}}