{"id":86335,"date":"2020-05-21T19:44:50","date_gmt":"2020-05-21T23:44:50","guid":{"rendered":"https:\/\/linitiative.ca\/International\/cinq-nouvelles-remissions-au-chu-mohammed-vi-369-au-total\/"},"modified":"2020-05-21T19:44:50","modified_gmt":"2020-05-21T23:44:50","slug":"cinq-nouvelles-remissions-au-chu-mohammed-vi-369-au-total","status":"publish","type":"post","link":"https:\/\/linitiative.ca\/International\/cinq-nouvelles-remissions-au-chu-mohammed-vi-369-au-total\/","title":{"rendered":"Cinq nouvelles r\u00e9missions au CHU Mohammed VI, 369 au total"},"content":{"rendered":"<div class=\"single-featured\"><img alt=\"\" data-src=\"http:\/\/www.mapmarrakech.ma\/map\/uploads\/2020\/05\/r&#xE9;mission-des-patients-copier-2.jpg\"\/><\/div>\n<div class=\"single-post-excerpt post-excerpt-bc\" readability=\"35\">\n<p>Marrakech \u2013 Cinq patients compl\u00e8tement gu\u00e9ris du nouveau coronavirus (Covid-19) ont quitt\u00e9, jeudi, le Centre Hospitalier Universitaire (CHU) Mohammed VI de Marrakech.<\/p>\n<\/div>\n<div class=\"entry-content clearfix single-post-content\" readability=\"62\">\n<p>Il s\u2019agit de trois femmes et deux hommes, d\u00e9finitivement gu\u00e9ris apr\u00e8s que les tests m\u00e9dicaux et cliniques effectu\u00e9s se sont r\u00e9v\u00e9l\u00e9s n\u00e9gatifs.<\/p>\n<p>Ainsi, ces nouvelles r\u00e9missions portent \u00e0 369 le nombre total des patients ayant quitt\u00e9 cet \u00e9tablissement hospitalier apr\u00e8s la confirmation de leur gu\u00e9rison totale.<\/p>\n<p>Dans une d\u00e9claration \u00e0 la MAP, le coordinateur g\u00e9n\u00e9ral du Covid-19 au CHU Mohammed VI, Dr. Takoui Abdelmajid, a indiqu\u00e9 que la dur\u00e9e d\u2019hospitalisation de ces patients se situait entre 13 et 54 jours, notant que parmi les cas gu\u00e9ris figurait un b\u00e9b\u00e9 d\u2019un an qui a \u00e9t\u00e9 test\u00e9 positif au coronavirus \u00e0 plusieurs reprises.<\/p>\n<p>La majorit\u00e9 des patients gu\u00e9ris ne souffraient d\u2019aucune complication ou maladie chronique, a-t-il relev\u00e9, ajoutant que ces personnes ont b\u00e9n\u00e9fici\u00e9 d\u2019une surveillance m\u00e9dicale 24h\/24 et 7j\/7 par le corps m\u00e9dical et infirmier.<\/p>\n<p>Le taux de gu\u00e9rison au niveau du CHU Mohammed VI \u00e0 Marrakech a d\u00e9pass\u00e9 72%, s\u2019est-il f\u00e9licit\u00e9, expliquant l\u2019augmentation des r\u00e9missions par la disponibilit\u00e9 des tests n\u00e9cessaires au laboratoire de microbiologie relevant de cet \u00e9tablissement hospitalier, la rapidit\u00e9 et l\u2019efficacit\u00e9 de la prise en charge m\u00e9dicale, le d\u00e9pistage pr\u00e9coce des personnes contacts et la prise de conscience par les citoyens quant aux dangers de cette pand\u00e9mie.<\/p>\n<\/div>\n<p>Auteur: Meriem IGASS<br \/>\n<a href=\"http:\/\/www.mapmarrakech.ma\/fr\/cinq-nouvelles-remissions-au-chu-mohammed-vi-369-au-total\/\">Cliquez ici pour lire l&rsquo;article depuis sa source.<\/a><\/p>\n","protected":false},"excerpt":{"rendered":"<p>Marrakech \u2013 Cinq patients compl\u00e8tement gu\u00e9ris du nouveau coronavirus (Covid-19) ont quitt\u00e9, jeudi, le Centre Hospitalier Universitaire (CHU) Mohammed VI de Marrakech. Il s\u2019agit de trois femmes et deux hommes, d\u00e9finitivement gu\u00e9ris apr\u00e8s que les tests m\u00e9dicaux et cliniques effectu\u00e9s se sont r\u00e9v\u00e9l\u00e9s n\u00e9gatifs. Ainsi, ces nouvelles r\u00e9missions portent \u00e0 369 le nombre total des [&hellip;]<\/p>\n","protected":false},"author":1788,"featured_media":86336,"comment_status":"closed","ping_status":"closed","sticky":false,"template":"","format":"standard","meta":{"fifu_image_url":"","fifu_image_alt":"","footnotes":""},"categories":[54,76],"tags":[],"class_list":["post-86335","post","type-post","status-publish","format-standard","has-post-thumbnail","hentry","category-maroc","category-regions"],"_links":{"self":[{"href":"https:\/\/linitiative.ca\/International\/wp-json\/wp\/v2\/posts\/86335","targetHints":{"allow":["GET"]}}],"collection":[{"href":"https:\/\/linitiative.ca\/International\/wp-json\/wp\/v2\/posts"}],"about":[{"href":"https:\/\/linitiative.ca\/International\/wp-json\/wp\/v2\/types\/post"}],"author":[{"embeddable":true,"href":"https:\/\/linitiative.ca\/International\/wp-json\/wp\/v2\/users\/1788"}],"replies":[{"embeddable":true,"href":"https:\/\/linitiative.ca\/International\/wp-json\/wp\/v2\/comments?post=86335"}],"version-history":[{"count":0,"href":"https:\/\/linitiative.ca\/International\/wp-json\/wp\/v2\/posts\/86335\/revisions"}],"wp:featuredmedia":[{"embeddable":true,"href":"https:\/\/linitiative.ca\/International\/wp-json\/"}],"wp:attachment":[{"href":"https:\/\/linitiative.ca\/International\/wp-json\/wp\/v2\/media?parent=86335"}],"wp:term":[{"taxonomy":"category","embeddable":true,"href":"https:\/\/linitiative.ca\/International\/wp-json\/wp\/v2\/categories?post=86335"},{"taxonomy":"post_tag","embeddable":true,"href":"https:\/\/linitiative.ca\/International\/wp-json\/wp\/v2\/tags?post=86335"}],"curies":[{"name":"wp","href":"https:\/\/api.w.org\/{rel}","templated":true}]}}