{"id":86346,"date":"2020-05-22T10:39:02","date_gmt":"2020-05-22T14:39:02","guid":{"rendered":"https:\/\/linitiative.ca\/International\/illizi-intensification-de-lactivite-commerciale-a-la-veille-de-laid-el-fitr\/"},"modified":"2020-05-22T10:39:02","modified_gmt":"2020-05-22T14:39:02","slug":"illizi-intensification-de-lactivite-commerciale-a-la-veille-de-laid-el-fitr","status":"publish","type":"post","link":"https:\/\/linitiative.ca\/International\/illizi-intensification-de-lactivite-commerciale-a-la-veille-de-laid-el-fitr\/","title":{"rendered":"Illizi : intensification de l\u2019activit\u00e9 commerciale \u00e0 la veille de l\u2019Aid El-Fitr"},"content":{"rendered":"<div readability=\"35\">\n<p><strong>ILLIZI &#8211; L\u2019activit\u00e9 commerciale s\u2019est intensifi\u00e9e ces derniers jours, \u00e0 travers les diff\u00e9rents souks de la wilaya d\u2019Illizi, en pr\u00e9vision de l\u2019Aid El-Fitr.<\/strong><\/p>\n<\/div>\n<div readability=\"94.5\">\n<p>Les habitants de cette r\u00e9gion dans l\u2019extr\u00eame Sud-est du pays se pr\u00e9parent \u00e0 c\u00e9l\u00e9brer cette f\u00eate religieuse, m\u00eame si elle intervient, cette ann\u00e9e, dans un contexte exceptionnel de pand\u00e9mie du Covid-19, obligeant \u00e0 tenir compte des mesures de pr\u00e9vention sanitaire, de la r\u00e9duction des d\u00e9placements et de la distanciation sociale.<\/p>\n<blockquote readability=\"9\">\n<p><em><strong>Des mesures qui n\u2019ont pas grandement impact\u00e9 la dynamique commerciale qui s\u2019installe habituellement aux derniers jours du mois de Ramadhan et de veille de l\u2019Aid, et donc l\u2019afflux des citoyens vers les march\u00e9s et autres locaux commerciaux, a-t-on constat\u00e9.<\/strong><\/em><\/p>\n<\/blockquote>\n<p>Rencontr\u00e9e par l\u2019APS dans une superette en train de faire des emplettes pour la pr\u00e9paration de g\u00e2teaux, Rabia (quadrag\u00e9naire) a indiqu\u00e9 qu\u2019\u00e0 la veille de l\u2019Aid, la femme targuie a pour habitude de se charger elle-m\u00eame des achats pour la f\u00eate, que ce soit pour les ingr\u00e9dients des g\u00e2teaux, les fruits secs, les ustensiles, les v\u00eatements, les produits de beaut\u00e9 et autres, jusqu\u2019\u00e0 devenir une tradition dans la soci\u00e9t\u00e9 locale.<\/p>\n<p>Elle dit ne pas vouloir abandonner cette tradition, en d\u00e9pit de la conjoncture de pand\u00e9mie de Covid-19 et la suspension de certaines activit\u00e9s commerciales \u00e9troitement li\u00e9es \u00e0 la pr\u00e9paration de la f\u00eate de l\u2019Aid, tels que les commerces de pr\u00eat-\u00e0-porter, de chaussures, de cosm\u00e9tiques et de p\u00e2tisserie.\u00a0\u00a0<\/p>\n<blockquote readability=\"14\">\n<p><em><strong>Rencontr\u00e9 alors qu\u2019il faisait lui aussi des achats, Omar (47 ans) estime que \u00ab\u00a0la forte demande sur certains produits alimentaires et fruits et l\u00e9gumes traduit une volont\u00e9 d\u2019assurer une couverture des besoins de la famille, de crainte d\u2019une raret\u00e9 de ce genre de produits durant les jours de f\u00eate, d\u2019une part, en raison de la fermeture de certains commerce et, d\u2019autre part, d\u2019un \u00e9ventuel non-respect du programme de permanence des commerces.<\/strong><\/em><\/p>\n<\/blockquote>\n<p>Une vir\u00e9e au march\u00e9 populaire des fruits et l\u00e9gumes d\u2019Illizi a permis de constater une grande affluence de citoyens, donnant lieu \u00e0 des encombrements et souvent \u00e0 l\u2019amer constat du non respect des consignes de pr\u00e9vention sanitaire contre le coronavirus.<\/p>\n<p>Parmi ces attitudes n\u00e9gatives, le non respect souvent du port de bavettes (commer\u00e7ants et clients), de la distanciation sociale, et de l\u2019interdiction d\u2019emmener les enfants de moins de 15 ans dans les commerces et ce, en d\u00e9pit des consignes de pr\u00e9cautions \u00e9mises sans discontinuer dans ce cadre par les pouvoirs publics.\u00a0\u00a0<\/p>\n<blockquote readability=\"9\">\n<p><em><strong>Par ailleurs, la population locale tient \u00e0 ses traditions li\u00e9es \u00e0 la f\u00eate de l\u2019Aid, m\u00eame si celle-ci intervient cette ann\u00e9e dans un contexte particulier ayant conduit \u00e0 la prolongation des mesures de pr\u00e9vention sanitaire contre Covid-19 et la restriction des visites familiales.\u00a0<\/strong><\/em>\u00a0\u00a0\u00a0<\/p>\n<\/blockquote>\n<p>Parmi ces traditions, toujours vivaces dans la soci\u00e9t\u00e9 targuie, la pr\u00e9paration de g\u00e2teaux traditionnels du terroir, ainsi que l\u2019organisation de campagnes de nettoiement des rues et d\u2019embellissement des<\/p>\n<p>Quartiers.<\/p>\n<\/div>\n<p>Auteur:<br \/>\n<a href=\"http:\/\/www.aps.dz\/regions\/105350-illizi-intensification-de-l-activite-commerciale-a-la-veille-de-l-aid-el-fitr\">Cliquez ici pour lire l&rsquo;article depuis sa source.<\/a><\/p>\n","protected":false},"excerpt":{"rendered":"<p>ILLIZI &#8211; L\u2019activit\u00e9 commerciale s\u2019est intensifi\u00e9e ces derniers jours, \u00e0 travers les diff\u00e9rents souks de la wilaya d\u2019Illizi, en pr\u00e9vision de l\u2019Aid El-Fitr. Les habitants de cette r\u00e9gion dans l\u2019extr\u00eame Sud-est du pays se pr\u00e9parent \u00e0 c\u00e9l\u00e9brer cette f\u00eate religieuse, m\u00eame si elle intervient, cette ann\u00e9e, dans un contexte exceptionnel de pand\u00e9mie du Covid-19, obligeant [&hellip;]<\/p>\n","protected":false},"author":1790,"featured_media":0,"comment_status":"closed","ping_status":"closed","sticky":false,"template":"","format":"standard","meta":{"fifu_image_url":"","fifu_image_alt":"","footnotes":""},"categories":[53,76],"tags":[],"class_list":["post-86346","post","type-post","status-publish","format-standard","hentry","category-algerie","category-regions"],"_links":{"self":[{"href":"https:\/\/linitiative.ca\/International\/wp-json\/wp\/v2\/posts\/86346","targetHints":{"allow":["GET"]}}],"collection":[{"href":"https:\/\/linitiative.ca\/International\/wp-json\/wp\/v2\/posts"}],"about":[{"href":"https:\/\/linitiative.ca\/International\/wp-json\/wp\/v2\/types\/post"}],"author":[{"embeddable":true,"href":"https:\/\/linitiative.ca\/International\/wp-json\/wp\/v2\/users\/1790"}],"replies":[{"embeddable":true,"href":"https:\/\/linitiative.ca\/International\/wp-json\/wp\/v2\/comments?post=86346"}],"version-history":[{"count":0,"href":"https:\/\/linitiative.ca\/International\/wp-json\/wp\/v2\/posts\/86346\/revisions"}],"wp:attachment":[{"href":"https:\/\/linitiative.ca\/International\/wp-json\/wp\/v2\/media?parent=86346"}],"wp:term":[{"taxonomy":"category","embeddable":true,"href":"https:\/\/linitiative.ca\/International\/wp-json\/wp\/v2\/categories?post=86346"},{"taxonomy":"post_tag","embeddable":true,"href":"https:\/\/linitiative.ca\/International\/wp-json\/wp\/v2\/tags?post=86346"}],"curies":[{"name":"wp","href":"https:\/\/api.w.org\/{rel}","templated":true}]}}