{"id":86350,"date":"2020-05-21T13:20:20","date_gmt":"2020-05-21T17:20:20","guid":{"rendered":"https:\/\/linitiative.ca\/International\/la-dgsn-delivre-des-cartes-didentite-pour-les-candidats-au-bac\/"},"modified":"2020-05-21T13:20:20","modified_gmt":"2020-05-21T17:20:20","slug":"la-dgsn-delivre-des-cartes-didentite-pour-les-candidats-au-bac","status":"publish","type":"post","link":"https:\/\/linitiative.ca\/International\/la-dgsn-delivre-des-cartes-didentite-pour-les-candidats-au-bac\/","title":{"rendered":"La DGSN d\u00e9livre des cartes d\u2019identit\u00e9 pour les candidats au Bac"},"content":{"rendered":"<div class=\"body\">\n<div class=\"field field-name-body field-type-text-with-summary field-label-hidden\">\n<div class=\"field-items\" readability=\"9.4723926380368\">\n<div class=\"field-item even\" property=\"content:encoded\" readability=\"14.208588957055\">\n<p class=\"rtejustify\">La Direction g\u00e9n\u00e9rale de la s\u00fbret\u00e9 nationale (DGSN) a entam\u00e9 depuis le 19 mai l\u2019\u00e9laboration de la carte d\u2019identit\u00e9 nationale \u00e9lectronique pour les candidats au Bac 2019-2020. Toutes les mesures de s\u00e9curit\u00e9 sanitaires ont \u00e9t\u00e9 prises, selon la DGSN: masques de protection pour les agents et les usagers, pistolet thermom\u00e8tre \u00e0 infrarouge, distanciation d\u2019un m\u00e8tre au moins\u2026 Cette \u00abop\u00e9ration exceptionnelle\u00bb intervient \u00e0 l\u2019heure o\u00f9 l\u2019\u00e9tat d\u2019urgence sanitaire d\u00e9clar\u00e9e le 20 mars a \u00e9t\u00e9 prolong\u00e9e jusqu\u2019au 10 juin. A cause du coronavirus, le minist\u00e8re de l\u2019Education nationale a pris plusieurs mesures: mobilisation de salles de sport, 10 candidats par classe\u2026 Les examens du Bac sont pr\u00e9vus \u00e0 partir du 3 et 4 juillet <a href=\"https:\/\/leconomiste.com\/archive\/edition\/5765\" target=\"_blank\" rel=\"noopener noreferrer\"><span><strong><em>(Cf. L\u2019Economiste n\u00b05765 du 20 mai 2020)<\/em><\/strong><\/span><\/a>.<br \/><em>\u00a0F.F.\u00a0 <\/em><\/p>\n<\/div>\n<\/div>\n<\/div>\n<\/div>\n<div class=\"eco-conseil\">\n<div class=\"view view-eco-conseil-16 view-id-eco_conseil_16 view-display-id-cookies view-dom-id-a3b289887f690a5fd51be286cdc002b8\">\n<div class=\"view-content\">\n<div id=\"views-bootstrap-grid-1\" class=\"views-bootstrap-grid-plugin-style\">\n<div class=\"row\">\n<div class=\" col-xs-12 col-lg-4\">\n<div class=\"row\">\n<div class=\"col col-xs-12 col-lg-12\">\n<div class=\"field-content\"><a href=\"\/article\/1062294-les-tribunes-du-sport-le-vice-president-de-la-frmf-en-guest-star\"><img loading=\"lazy\" decoding=\"async\" class=\"img-responsive\" typeof=\"foaf:Image\" src=\"https:\/\/www.leconomiste.com\/sites\/default\/files\/eco7\/public\/styles\/800x400\/public\/default_images\/default_une.jpg?itok=4jZlgnIZ\" width=\"660\" height=\"330\" alt=\"\"\/><\/a><\/div>\n<\/div>\n<div class=\" title_suite_2 col col-xs-12 col-lg-12\"> <a href=\"\/article\/1062294-les-tribunes-du-sport-le-vice-president-de-la-frmf-en-guest-star\"\/><span class=\"field-content\">Article 1062294<\/span><\/div>\n<\/div>\n<\/div>\n<div class=\" col-xs-12 col-lg-4\">\n<div class=\"row\">\n<div class=\"col col-xs-12 col-lg-12\">\n<div class=\"field-content\"><a href=\"\/article\/1062293-confinement-controle-etranges-exigences-berrechid\"><img loading=\"lazy\" decoding=\"async\" class=\"img-responsive\" typeof=\"foaf:Image\" src=\"https:\/\/www.leconomiste.com\/sites\/default\/files\/eco7\/public\/styles\/800x400\/public\/default_images\/default_une.jpg?itok=4jZlgnIZ\" width=\"660\" height=\"330\" alt=\"\"\/><\/a><\/div>\n<\/div>\n<div class=\" title_suite_2 col col-xs-12 col-lg-12\"> <a href=\"\/article\/1062293-confinement-controle-etranges-exigences-berrechid\"\/><span class=\"field-content\">Confinement\/Contr\u00f4le: Etranges exigences \u00e0 Berrechid<\/span><\/div>\n<\/div>\n<\/div>\n<div class=\" col-xs-12 col-lg-4\">\n<div class=\"row\">\n<div class=\"col col-xs-12 col-lg-12\">\n<div class=\"field-content\"><a href=\"\/article\/1062292-soutien-medical-pour-les-refugies-et-demandeurs-d-asile\"><img loading=\"lazy\" decoding=\"async\" class=\"img-responsive\" typeof=\"foaf:Image\" src=\"https:\/\/www.leconomiste.com\/sites\/default\/files\/eco7\/public\/styles\/800x400\/public\/default_images\/default_une.jpg?itok=4jZlgnIZ\" width=\"660\" height=\"330\" alt=\"\"\/><\/a><\/div>\n<\/div>\n<div class=\" title_suite_2 col col-xs-12 col-lg-12\"> <a href=\"\/article\/1062292-soutien-medical-pour-les-refugies-et-demandeurs-d-asile\"\/><span class=\"field-content\">Soutien m\u00e9dical pour les r\u00e9fugi\u00e9s et demandeurs d\u2019asile<\/span><\/div>\n<\/div>\n<\/div>\n<\/div>\n<\/div>\n<\/div>\n<\/div>\n<\/div>\n<p>Auteur: hlafriqi<br \/>\n<a href=\"https:\/\/www.leconomiste.com\/article\/1062290-la-dgsn-delivre-des-cartes-d-identite-pour-les-candidats-au-bac\">Cliquez ici pour lire l&rsquo;article depuis sa source.<\/a><\/p>\n","protected":false},"excerpt":{"rendered":"<p>La Direction g\u00e9n\u00e9rale de la s\u00fbret\u00e9 nationale (DGSN) a entam\u00e9 depuis le 19 mai l\u2019\u00e9laboration de la carte d\u2019identit\u00e9 nationale \u00e9lectronique pour les candidats au Bac 2019-2020. Toutes les mesures de s\u00e9curit\u00e9 sanitaires ont \u00e9t\u00e9 prises, selon la DGSN: masques de protection pour les agents et les usagers, pistolet thermom\u00e8tre \u00e0 infrarouge, distanciation d\u2019un m\u00e8tre [&hellip;]<\/p>\n","protected":false},"author":1763,"featured_media":0,"comment_status":"closed","ping_status":"closed","sticky":false,"template":"","format":"standard","meta":{"fifu_image_url":"","fifu_image_alt":"","footnotes":""},"categories":[78,54],"tags":[],"class_list":["post-86350","post","type-post","status-publish","format-standard","hentry","category-economie","category-maroc"],"_links":{"self":[{"href":"https:\/\/linitiative.ca\/International\/wp-json\/wp\/v2\/posts\/86350","targetHints":{"allow":["GET"]}}],"collection":[{"href":"https:\/\/linitiative.ca\/International\/wp-json\/wp\/v2\/posts"}],"about":[{"href":"https:\/\/linitiative.ca\/International\/wp-json\/wp\/v2\/types\/post"}],"author":[{"embeddable":true,"href":"https:\/\/linitiative.ca\/International\/wp-json\/wp\/v2\/users\/1763"}],"replies":[{"embeddable":true,"href":"https:\/\/linitiative.ca\/International\/wp-json\/wp\/v2\/comments?post=86350"}],"version-history":[{"count":0,"href":"https:\/\/linitiative.ca\/International\/wp-json\/wp\/v2\/posts\/86350\/revisions"}],"wp:attachment":[{"href":"https:\/\/linitiative.ca\/International\/wp-json\/wp\/v2\/media?parent=86350"}],"wp:term":[{"taxonomy":"category","embeddable":true,"href":"https:\/\/linitiative.ca\/International\/wp-json\/wp\/v2\/categories?post=86350"},{"taxonomy":"post_tag","embeddable":true,"href":"https:\/\/linitiative.ca\/International\/wp-json\/wp\/v2\/tags?post=86350"}],"curies":[{"name":"wp","href":"https:\/\/api.w.org\/{rel}","templated":true}]}}