{"id":86351,"date":"2020-05-21T13:21:29","date_gmt":"2020-05-21T17:21:29","guid":{"rendered":"https:\/\/linitiative.ca\/International\/les-universites-invitees-a-concevoir-plus-de-contenus-numeriques\/"},"modified":"2020-05-21T13:21:29","modified_gmt":"2020-05-21T17:21:29","slug":"les-universites-invitees-a-concevoir-plus-de-contenus-numeriques","status":"publish","type":"post","link":"https:\/\/linitiative.ca\/International\/les-universites-invitees-a-concevoir-plus-de-contenus-numeriques\/","title":{"rendered":"Les universit\u00e9s invit\u00e9es \u00e0 concevoir plus de contenus num\u00e9riques"},"content":{"rendered":"<div class=\"author\" readability=\"5.6949152542373\"> Par <a href=\"\/content\/ahlam-nazih\"> Ahlam NAZIH<\/a> <a href=\"\/node\/\"> <\/a> | Edition N\u00b0:5767 Le 22\/05\/2020 | Partager <\/div>\n<div class=\"body\">\n<div class=\"field field-name-body field-type-text-with-summary field-label-hidden\">\n<div class=\"field-items\" readability=\"8\">\n<div class=\"field-item even\" property=\"content:encoded\" readability=\"11\">\n<p class=\"rtejustify\">L\u2019Enseignement sup\u00e9rieur se pr\u00e9pare \u00e0 toute \u00e9ventualit\u00e9. Le d\u00e9partement de Driss Ouaouicha vient de signifier \u00e0 toutes les universit\u00e9s de poursuivre leurs efforts en contenus e-learning (ressources num\u00e9riques et audiovisuelles), afin de couvrir les modules de la session d\u2019automne.<br \/><em>A.Na\u00a0 <\/em><\/p>\n<\/div>\n<\/div>\n<\/div>\n<\/div>\n<div class=\"eco-conseil\">\n<div class=\"view view-eco-conseil-16 view-id-eco_conseil_16 view-display-id-cookies view-dom-id-3975915a39b2c09695f08559abcdd184\">\n<div class=\"view-content\">\n<div id=\"views-bootstrap-grid-1\" class=\"views-bootstrap-grid-plugin-style\">\n<div class=\"row\">\n<div class=\" col-xs-12 col-lg-4\">\n<div class=\"row\">\n<div class=\"col col-xs-12 col-lg-12\">\n<div class=\"field-content\"><a href=\"\/article\/1062294-les-tribunes-du-sport-le-vice-president-de-la-frmf-en-guest-star\"><img loading=\"lazy\" decoding=\"async\" class=\"img-responsive\" typeof=\"foaf:Image\" src=\"https:\/\/www.leconomiste.com\/sites\/default\/files\/eco7\/public\/styles\/800x400\/public\/default_images\/default_une.jpg?itok=4jZlgnIZ\" width=\"660\" height=\"330\" alt=\"\"\/><\/a><\/div>\n<\/div>\n<div class=\" title_suite_2 col col-xs-12 col-lg-12\"> <a href=\"\/article\/1062294-les-tribunes-du-sport-le-vice-president-de-la-frmf-en-guest-star\"\/><span class=\"field-content\">Article 1062294<\/span><\/div>\n<\/div>\n<\/div>\n<div class=\" col-xs-12 col-lg-4\">\n<div class=\"row\">\n<div class=\"col col-xs-12 col-lg-12\">\n<div class=\"field-content\"><a href=\"\/article\/1062293-confinement-controle-etranges-exigences-berrechid\"><img loading=\"lazy\" decoding=\"async\" class=\"img-responsive\" typeof=\"foaf:Image\" src=\"https:\/\/www.leconomiste.com\/sites\/default\/files\/eco7\/public\/styles\/800x400\/public\/default_images\/default_une.jpg?itok=4jZlgnIZ\" width=\"660\" height=\"330\" alt=\"\"\/><\/a><\/div>\n<\/div>\n<div class=\" title_suite_2 col col-xs-12 col-lg-12\"> <a href=\"\/article\/1062293-confinement-controle-etranges-exigences-berrechid\"\/><span class=\"field-content\">Confinement\/Contr\u00f4le: Etranges exigences \u00e0 Berrechid<\/span><\/div>\n<\/div>\n<\/div>\n<div class=\" col-xs-12 col-lg-4\">\n<div class=\"row\">\n<div class=\"col col-xs-12 col-lg-12\">\n<div class=\"field-content\"><a href=\"\/article\/1062292-soutien-medical-pour-les-refugies-et-demandeurs-d-asile\"><img loading=\"lazy\" decoding=\"async\" class=\"img-responsive\" typeof=\"foaf:Image\" src=\"https:\/\/www.leconomiste.com\/sites\/default\/files\/eco7\/public\/styles\/800x400\/public\/default_images\/default_une.jpg?itok=4jZlgnIZ\" width=\"660\" height=\"330\" alt=\"\"\/><\/a><\/div>\n<\/div>\n<div class=\" title_suite_2 col col-xs-12 col-lg-12\"> <a href=\"\/article\/1062292-soutien-medical-pour-les-refugies-et-demandeurs-d-asile\"\/><span class=\"field-content\">Soutien m\u00e9dical pour les r\u00e9fugi\u00e9s et demandeurs d\u2019asile<\/span><\/div>\n<\/div>\n<\/div>\n<\/div>\n<\/div>\n<\/div>\n<\/div>\n<\/div>\n<p>Auteur: hlafriqi<br \/>\n<a href=\"https:\/\/www.leconomiste.com\/article\/1062291-les-universites-invitees-concevoir-plus-de-contenus-numeriques\">Cliquez ici pour lire l&rsquo;article depuis sa source.<\/a><\/p>\n","protected":false},"excerpt":{"rendered":"<p>Par Ahlam NAZIH | Edition N\u00b0:5767 Le 22\/05\/2020 | Partager L\u2019Enseignement sup\u00e9rieur se pr\u00e9pare \u00e0 toute \u00e9ventualit\u00e9. Le d\u00e9partement de Driss Ouaouicha vient de signifier \u00e0 toutes les universit\u00e9s de poursuivre leurs efforts en contenus e-learning (ressources num\u00e9riques et audiovisuelles), afin de couvrir les modules de la session d\u2019automne.A.Na\u00a0 Article 1062294 Confinement\/Contr\u00f4le: Etranges exigences \u00e0 [&hellip;]<\/p>\n","protected":false},"author":1763,"featured_media":0,"comment_status":"closed","ping_status":"closed","sticky":false,"template":"","format":"standard","meta":{"fifu_image_url":"","fifu_image_alt":"","footnotes":""},"categories":[78,54],"tags":[],"class_list":["post-86351","post","type-post","status-publish","format-standard","hentry","category-economie","category-maroc"],"_links":{"self":[{"href":"https:\/\/linitiative.ca\/International\/wp-json\/wp\/v2\/posts\/86351","targetHints":{"allow":["GET"]}}],"collection":[{"href":"https:\/\/linitiative.ca\/International\/wp-json\/wp\/v2\/posts"}],"about":[{"href":"https:\/\/linitiative.ca\/International\/wp-json\/wp\/v2\/types\/post"}],"author":[{"embeddable":true,"href":"https:\/\/linitiative.ca\/International\/wp-json\/wp\/v2\/users\/1763"}],"replies":[{"embeddable":true,"href":"https:\/\/linitiative.ca\/International\/wp-json\/wp\/v2\/comments?post=86351"}],"version-history":[{"count":0,"href":"https:\/\/linitiative.ca\/International\/wp-json\/wp\/v2\/posts\/86351\/revisions"}],"wp:attachment":[{"href":"https:\/\/linitiative.ca\/International\/wp-json\/wp\/v2\/media?parent=86351"}],"wp:term":[{"taxonomy":"category","embeddable":true,"href":"https:\/\/linitiative.ca\/International\/wp-json\/wp\/v2\/categories?post=86351"},{"taxonomy":"post_tag","embeddable":true,"href":"https:\/\/linitiative.ca\/International\/wp-json\/wp\/v2\/tags?post=86351"}],"curies":[{"name":"wp","href":"https:\/\/api.w.org\/{rel}","templated":true}]}}