{"id":86352,"date":"2020-05-21T13:22:22","date_gmt":"2020-05-21T17:22:22","guid":{"rendered":"https:\/\/linitiative.ca\/International\/soutien-medical-pour-les-refugies-et-demandeurs-dasile\/"},"modified":"2020-05-21T13:22:22","modified_gmt":"2020-05-21T17:22:22","slug":"soutien-medical-pour-les-refugies-et-demandeurs-dasile","status":"publish","type":"post","link":"https:\/\/linitiative.ca\/International\/soutien-medical-pour-les-refugies-et-demandeurs-dasile\/","title":{"rendered":"Soutien m\u00e9dical pour les r\u00e9fugi\u00e9s et demandeurs d\u2019asile"},"content":{"rendered":"<div class=\"body\">\n<div class=\"field field-name-body field-type-text-with-summary field-label-hidden\">\n<div class=\"field-items\" readability=\"8.5\">\n<div class=\"field-item even\" property=\"content:encoded\" readability=\"12\">\n<p class=\"rtejustify\">L\u2019Ordre des M\u00e9decins et l\u2019Agence des Nations Unies pour les r\u00e9fugi\u00e9s (HCR) ont sign\u00e9 le 21 mai une convention-cadre de partenariat. Elle porte sur l\u2019acc\u00e8s des r\u00e9fugi\u00e9s et des demandeurs d\u2019asile aux soins de sant\u00e9 et dans la lutte contre le COVID-19. L\u2019Ordre des m\u00e9decins s\u2019engage \u00e0 assurer des consultations y compris psychologiques en s\u2019appuyant sur des m\u00e9decins volontaires. La profession\u00a0 compte \u00e9galement soutenir le HCR \u00e0 \u00e9tablir des conventions avec les cliniques et laboratoires marocains ainsi qu\u2019\u00e0 faire des dons de m\u00e9dicaments au profit des r\u00e9fugi\u00e9s. La plupart\u00a0 des demandeurs d\u2019asile et des r\u00e9fugi\u00e9s sont des journaliers dans le secteur informel. Leur situation est \u00abextr\u00eamement pr\u00e9caire\u00bb, selon l\u2019Ordre des m\u00e9decins.\u00a0 Pour le HCR, cette convention est un \u00abacte tr\u00e8s concret de solidarit\u00e9\u00bb qui s\u2019ins\u00e8re dans la strat\u00e9gie nationale immigration et asile de 2013.<br \/><em>F.F. <\/em><\/p>\n<\/div>\n<\/div>\n<\/div>\n<\/div>\n<div class=\"eco-conseil\">\n<div class=\"view view-eco-conseil-16 view-id-eco_conseil_16 view-display-id-cookies view-dom-id-780076776cd43a1746e6f145b6868a4f\">\n<div class=\"view-content\">\n<div id=\"views-bootstrap-grid-1\" class=\"views-bootstrap-grid-plugin-style\">\n<div class=\"row\">\n<div class=\" col-xs-12 col-lg-4\">\n<div class=\"row\">\n<div class=\"col col-xs-12 col-lg-12\">\n<div class=\"field-content\"><a href=\"\/article\/1062294-les-tribunes-du-sport-le-vice-president-de-la-frmf-en-guest-star\"><img loading=\"lazy\" decoding=\"async\" class=\"img-responsive\" typeof=\"foaf:Image\" src=\"https:\/\/www.leconomiste.com\/sites\/default\/files\/eco7\/public\/styles\/800x400\/public\/default_images\/default_une.jpg?itok=4jZlgnIZ\" width=\"660\" height=\"330\" alt=\"\"\/><\/a><\/div>\n<\/div>\n<div class=\" title_suite_2 col col-xs-12 col-lg-12\"> <a href=\"\/article\/1062294-les-tribunes-du-sport-le-vice-president-de-la-frmf-en-guest-star\"\/><span class=\"field-content\">Article 1062294<\/span><\/div>\n<\/div>\n<\/div>\n<div class=\" col-xs-12 col-lg-4\">\n<div class=\"row\">\n<div class=\"col col-xs-12 col-lg-12\">\n<div class=\"field-content\"><a href=\"\/article\/1062293-confinement-controle-etranges-exigences-berrechid\"><img loading=\"lazy\" decoding=\"async\" class=\"img-responsive\" typeof=\"foaf:Image\" src=\"https:\/\/www.leconomiste.com\/sites\/default\/files\/eco7\/public\/styles\/800x400\/public\/default_images\/default_une.jpg?itok=4jZlgnIZ\" width=\"660\" height=\"330\" alt=\"\"\/><\/a><\/div>\n<\/div>\n<div class=\" title_suite_2 col col-xs-12 col-lg-12\"> <a href=\"\/article\/1062293-confinement-controle-etranges-exigences-berrechid\"\/><span class=\"field-content\">Confinement\/Contr\u00f4le: Etranges exigences \u00e0 Berrechid<\/span><\/div>\n<\/div>\n<\/div>\n<div class=\" col-xs-12 col-lg-4\">\n<div class=\"row\">\n<div class=\"col col-xs-12 col-lg-12\">\n<div class=\"field-content\"><a href=\"\/article\/1062291-les-universites-invitees-concevoir-plus-de-contenus-numeriques\"><img loading=\"lazy\" decoding=\"async\" class=\"img-responsive\" typeof=\"foaf:Image\" src=\"https:\/\/www.leconomiste.com\/sites\/default\/files\/eco7\/public\/styles\/800x400\/public\/default_images\/default_une.jpg?itok=4jZlgnIZ\" width=\"660\" height=\"330\" alt=\"\"\/><\/a><\/div>\n<\/div>\n<div class=\" title_suite_2 col col-xs-12 col-lg-12\"> <a href=\"\/article\/1062291-les-universites-invitees-concevoir-plus-de-contenus-numeriques\"\/><span class=\"field-content\">Les universit\u00e9s invit\u00e9es \u00e0 concevoir plus de contenus num\u00e9riques<\/span><\/div>\n<\/div>\n<\/div>\n<\/div>\n<\/div>\n<\/div>\n<\/div>\n<\/div>\n<p>Auteur: hlafriqi<br \/>\n<a href=\"https:\/\/www.leconomiste.com\/article\/1062292-soutien-medical-pour-les-refugies-et-demandeurs-d-asile\">Cliquez ici pour lire l&rsquo;article depuis sa source.<\/a><\/p>\n","protected":false},"excerpt":{"rendered":"<p>L\u2019Ordre des M\u00e9decins et l\u2019Agence des Nations Unies pour les r\u00e9fugi\u00e9s (HCR) ont sign\u00e9 le 21 mai une convention-cadre de partenariat. Elle porte sur l\u2019acc\u00e8s des r\u00e9fugi\u00e9s et des demandeurs d\u2019asile aux soins de sant\u00e9 et dans la lutte contre le COVID-19. L\u2019Ordre des m\u00e9decins s\u2019engage \u00e0 assurer des consultations y compris psychologiques en s\u2019appuyant [&hellip;]<\/p>\n","protected":false},"author":1763,"featured_media":0,"comment_status":"closed","ping_status":"closed","sticky":false,"template":"","format":"standard","meta":{"fifu_image_url":"","fifu_image_alt":"","footnotes":""},"categories":[78,54],"tags":[],"class_list":["post-86352","post","type-post","status-publish","format-standard","hentry","category-economie","category-maroc"],"_links":{"self":[{"href":"https:\/\/linitiative.ca\/International\/wp-json\/wp\/v2\/posts\/86352","targetHints":{"allow":["GET"]}}],"collection":[{"href":"https:\/\/linitiative.ca\/International\/wp-json\/wp\/v2\/posts"}],"about":[{"href":"https:\/\/linitiative.ca\/International\/wp-json\/wp\/v2\/types\/post"}],"author":[{"embeddable":true,"href":"https:\/\/linitiative.ca\/International\/wp-json\/wp\/v2\/users\/1763"}],"replies":[{"embeddable":true,"href":"https:\/\/linitiative.ca\/International\/wp-json\/wp\/v2\/comments?post=86352"}],"version-history":[{"count":0,"href":"https:\/\/linitiative.ca\/International\/wp-json\/wp\/v2\/posts\/86352\/revisions"}],"wp:attachment":[{"href":"https:\/\/linitiative.ca\/International\/wp-json\/wp\/v2\/media?parent=86352"}],"wp:term":[{"taxonomy":"category","embeddable":true,"href":"https:\/\/linitiative.ca\/International\/wp-json\/wp\/v2\/categories?post=86352"},{"taxonomy":"post_tag","embeddable":true,"href":"https:\/\/linitiative.ca\/International\/wp-json\/wp\/v2\/tags?post=86352"}],"curies":[{"name":"wp","href":"https:\/\/api.w.org\/{rel}","templated":true}]}}