{"id":86353,"date":"2020-05-21T13:23:38","date_gmt":"2020-05-21T17:23:38","guid":{"rendered":"https:\/\/linitiative.ca\/International\/confinement-controle-etranges-exigences-a-berrechid\/"},"modified":"2020-05-21T13:23:38","modified_gmt":"2020-05-21T17:23:38","slug":"confinement-controle-etranges-exigences-a-berrechid","status":"publish","type":"post","link":"https:\/\/linitiative.ca\/International\/confinement-controle-etranges-exigences-a-berrechid\/","title":{"rendered":"Confinement\/Contr\u00f4le: Etranges exigences \u00e0 Berrechid"},"content":{"rendered":"<div class=\"author\" readability=\"5.7931034482759\"> Par <a href=\"\/content\/jihad-rizk\">Jihad RIZK <\/a> <a href=\"\/node\/\"> <\/a> | Edition N\u00b0:5767 Le 22\/05\/2020 | Partager <\/div>\n<div class=\"body\">\n<div class=\"field field-name-body field-type-text-with-summary field-label-hidden\">\n<div class=\"field-items\" readability=\"9\">\n<div class=\"field-item even\" property=\"content:encoded\" readability=\"13\">\n<p class=\"rtejustify\">Gare \u00e0 l\u2019exc\u00e8s de z\u00e8le de la police de contr\u00f4le routier. Des automobilistes ont \u00e9t\u00e9 surpris, mercredi 20 mai \u00e0 16h, par la demande d\u2019un policier de contr\u00f4le au niveau du barrage \u00e0 l\u2019entr\u00e9e de la ville de Berrechid. Et pour cause, l\u2019agent de l\u2019ordre exigeait exclusivement les attestations d\u2019assurance. Et non les attestations de d\u00e9placement d\u00e9rogatoire. Curieuse d\u00e9marche!<br \/><em>J.R. <\/em><\/p>\n<\/div>\n<\/div>\n<\/div>\n<\/div>\n<div class=\"eco-conseil\">\n<div class=\"view view-eco-conseil-16 view-id-eco_conseil_16 view-display-id-cookies view-dom-id-373b74510d792099f3afcf19520bace2\">\n<div class=\"view-content\">\n<div id=\"views-bootstrap-grid-1\" class=\"views-bootstrap-grid-plugin-style\">\n<div class=\"row\">\n<div class=\" col-xs-12 col-lg-4\">\n<div class=\"row\">\n<div class=\"col col-xs-12 col-lg-12\">\n<div class=\"field-content\"><a href=\"\/article\/1062294-les-tribunes-du-sport-le-vice-president-de-la-frmf-en-guest-star\"><img loading=\"lazy\" decoding=\"async\" class=\"img-responsive\" typeof=\"foaf:Image\" src=\"https:\/\/www.leconomiste.com\/sites\/default\/files\/eco7\/public\/styles\/800x400\/public\/default_images\/default_une.jpg?itok=4jZlgnIZ\" width=\"660\" height=\"330\" alt=\"\"\/><\/a><\/div>\n<\/div>\n<div class=\" title_suite_2 col col-xs-12 col-lg-12\"> <a href=\"\/article\/1062294-les-tribunes-du-sport-le-vice-president-de-la-frmf-en-guest-star\"\/><span class=\"field-content\">Article 1062294<\/span><\/div>\n<\/div>\n<\/div>\n<div class=\" col-xs-12 col-lg-4\">\n<div class=\"row\">\n<div class=\"col col-xs-12 col-lg-12\">\n<div class=\"field-content\"><a href=\"\/article\/1062292-soutien-medical-pour-les-refugies-et-demandeurs-d-asile\"><img loading=\"lazy\" decoding=\"async\" class=\"img-responsive\" typeof=\"foaf:Image\" src=\"https:\/\/www.leconomiste.com\/sites\/default\/files\/eco7\/public\/styles\/800x400\/public\/default_images\/default_une.jpg?itok=4jZlgnIZ\" width=\"660\" height=\"330\" alt=\"\"\/><\/a><\/div>\n<\/div>\n<div class=\" title_suite_2 col col-xs-12 col-lg-12\"> <a href=\"\/article\/1062292-soutien-medical-pour-les-refugies-et-demandeurs-d-asile\"\/><span class=\"field-content\">Soutien m\u00e9dical pour les r\u00e9fugi\u00e9s et demandeurs d\u2019asile<\/span><\/div>\n<\/div>\n<\/div>\n<div class=\" col-xs-12 col-lg-4\">\n<div class=\"row\">\n<div class=\"col col-xs-12 col-lg-12\">\n<div class=\"field-content\"><a href=\"\/article\/1062291-les-universites-invitees-concevoir-plus-de-contenus-numeriques\"><img loading=\"lazy\" decoding=\"async\" class=\"img-responsive\" typeof=\"foaf:Image\" src=\"https:\/\/www.leconomiste.com\/sites\/default\/files\/eco7\/public\/styles\/800x400\/public\/default_images\/default_une.jpg?itok=4jZlgnIZ\" width=\"660\" height=\"330\" alt=\"\"\/><\/a><\/div>\n<\/div>\n<div class=\" title_suite_2 col col-xs-12 col-lg-12\"> <a href=\"\/article\/1062291-les-universites-invitees-concevoir-plus-de-contenus-numeriques\"\/><span class=\"field-content\">Les universit\u00e9s invit\u00e9es \u00e0 concevoir plus de contenus num\u00e9riques<\/span><\/div>\n<\/div>\n<\/div>\n<\/div>\n<\/div>\n<\/div>\n<\/div>\n<\/div>\n<p>Auteur: hlafriqi<br \/>\n<a href=\"https:\/\/www.leconomiste.com\/article\/1062293-confinement-controle-etranges-exigences-berrechid\">Cliquez ici pour lire l&rsquo;article depuis sa source.<\/a><\/p>\n","protected":false},"excerpt":{"rendered":"<p>Par Jihad RIZK | Edition N\u00b0:5767 Le 22\/05\/2020 | Partager Gare \u00e0 l\u2019exc\u00e8s de z\u00e8le de la police de contr\u00f4le routier. Des automobilistes ont \u00e9t\u00e9 surpris, mercredi 20 mai \u00e0 16h, par la demande d\u2019un policier de contr\u00f4le au niveau du barrage \u00e0 l\u2019entr\u00e9e de la ville de Berrechid. Et pour cause, l\u2019agent de l\u2019ordre [&hellip;]<\/p>\n","protected":false},"author":1763,"featured_media":0,"comment_status":"closed","ping_status":"closed","sticky":false,"template":"","format":"standard","meta":{"fifu_image_url":"","fifu_image_alt":"","footnotes":""},"categories":[78,54],"tags":[],"class_list":["post-86353","post","type-post","status-publish","format-standard","hentry","category-economie","category-maroc"],"_links":{"self":[{"href":"https:\/\/linitiative.ca\/International\/wp-json\/wp\/v2\/posts\/86353","targetHints":{"allow":["GET"]}}],"collection":[{"href":"https:\/\/linitiative.ca\/International\/wp-json\/wp\/v2\/posts"}],"about":[{"href":"https:\/\/linitiative.ca\/International\/wp-json\/wp\/v2\/types\/post"}],"author":[{"embeddable":true,"href":"https:\/\/linitiative.ca\/International\/wp-json\/wp\/v2\/users\/1763"}],"replies":[{"embeddable":true,"href":"https:\/\/linitiative.ca\/International\/wp-json\/wp\/v2\/comments?post=86353"}],"version-history":[{"count":0,"href":"https:\/\/linitiative.ca\/International\/wp-json\/wp\/v2\/posts\/86353\/revisions"}],"wp:attachment":[{"href":"https:\/\/linitiative.ca\/International\/wp-json\/wp\/v2\/media?parent=86353"}],"wp:term":[{"taxonomy":"category","embeddable":true,"href":"https:\/\/linitiative.ca\/International\/wp-json\/wp\/v2\/categories?post=86353"},{"taxonomy":"post_tag","embeddable":true,"href":"https:\/\/linitiative.ca\/International\/wp-json\/wp\/v2\/tags?post=86353"}],"curies":[{"name":"wp","href":"https:\/\/api.w.org\/{rel}","templated":true}]}}