{"id":86355,"date":"2020-05-22T10:00:00","date_gmt":"2020-05-22T14:00:00","guid":{"rendered":"https:\/\/linitiative.ca\/International\/ah-bon-il-y-a-donc-la-pauvrete-et-la-corruption\/"},"modified":"2020-05-22T10:00:00","modified_gmt":"2020-05-22T14:00:00","slug":"ah-bon-il-y-a-donc-la-pauvrete-et-la-corruption","status":"publish","type":"post","link":"https:\/\/linitiative.ca\/International\/ah-bon-il-y-a-donc-la-pauvrete-et-la-corruption\/","title":{"rendered":"Ah, bon! il y a donc la pauvret\u00e9 et la corruption ?"},"content":{"rendered":"<p class=\"MsoNoSpacing c5\"><strong class=\"c4\"><em class=\"c3\"><span class=\"c2\">L\u2019allocution d\u2019Ely\u00e8s Fakhfakh est diff\u00e9remment per\u00e7ue par les observateurs. On sait que, de nature, il n\u2019exprime jamais d\u2019\u00e9tats d\u2019\u00e2me, pratiquement \u00e0 l\u2019oppos\u00e9 des envol\u00e9es lyriques de son mentor Ka\u00efs Sa\u00efed. Il a y a m\u00eame, pour ainsi dire, un c\u00f4t\u00e9 robotis\u00e9 dans ses discours. Et, m\u00eame, dans ses r\u00e9centes interviews (sur la chaine Hannibal et, ensuite, \u00e0 France 24), il aura d\u00e9roul\u00e9 des concepts g\u00e9n\u00e9raux, des d\u00e9clarations d\u2019intention, dans une forte propension \u00e0 l\u2019autosatisfaction. En fait, bien qu\u2019il ait c\u00f4toy\u00e9 un politicien de grande pointure comme Mustapha Ben Jaafar (on ne saurait lui renier cela, hormis ses compromissions dans La Tro\u00efka), eh bien Ely\u00e8s Fakhfakh donne toujours l\u2019impression de n\u2019\u00eatre pas concern\u00e9 par la chose publique qu\u2019il ne con\u00e7oit que dans les contours de ses fameux logiciels lesquels d\u00e9clinent exclusivement dans la technicit\u00e9.<\/span><\/em><\/strong><\/p>\n<p class=\"MsoNoSpacing c5\"><span class=\"c2\">\u00a0<\/span><\/p>\n<p class=\"MsoNoSpacing c5\"><span class=\"c2\">On ne saurait dire qu\u2019il se refuse \u00e0 s\u2019\u00e9riger en homme d\u2019Etat. Sur ce plan, en effet, il reste prudent. Il laisse la part belle \u00e0 Ka\u00efs Sa\u00efed et il \u00e9vite parcimonieusement d\u2019aller sur des champs de comp\u00e9tences qui ne sont pas siennes. Il n\u2019a jamais, non plus, pip\u00e9 mot sur Rached Ghannouchi-qui, pourtant, s\u00e8me les divisions au sein de la coalition gouvernementale.<\/span><\/p>\n<p class=\"MsoNoSpacing c5\"><span class=\"c2\">\u00a0<\/span><\/p>\n<p class=\"MsoNoSpacing c5\"><strong class=\"c4\"><span class=\"c6\">Strat\u00e9gie sur sept axes : une lettre \u00e0 la poste ?<\/span><\/strong><\/p>\n<p class=\"MsoNoSpacing c5\"><span class=\"c2\">Il a pourtant parl\u00e9 de document contractuel au sein de son gouvernement. Un document sign\u00e9, la semaine derni\u00e8re, une esp\u00e8ce de charte de solidarit\u00e9 entre les composantes de l\u2019\u00e9quipe gouvernementale. Il a m\u00eame vant\u00e9 cette \u00ab solidarit\u00e9 \u00bb entre ministres, comme si tout baignait dans l\u2019huile et que tout \u00e9tait pour le mieux dans le meilleur des mondes ! Et, pourtant, Abdellatif El Makki, celui qui s\u2019\u00e9rige en \u00ab g\u00e9n\u00e9ralissime \u00bb dans la guerre contre la pand\u00e9mie, ne cesse de se mettre en sc\u00e8ne, de cultiver un \u00e9go surdimensionn\u00e9, prenant, <span class=\"c7\">\u00a0<\/span>par ailleurs, des d\u00e9cisions empi\u00e9tant sur les champs de comp\u00e9tences de Mohamed Abbou (les modalit\u00e9s de reprise du travail dans les entreprises publiques et dans l\u2019administration) ; ou celles du ministre du Commerce (Mohamed Msellini) qui n\u2019a d\u2019ailleurs pas manqu\u00e9 de le sermonner publiquement ; ou encore celles de Mohamed Ali Toumi, ministre du Tourisme. Il a m\u00eame d\u00e9cr\u00e9t\u00e9 \u00ab la fermeture de la mer \u00bb, lan\u00e7ant ainsi un tr\u00e8s mauvais message aux touristes (\u00e9trangers ou autochtones) alors que le secteur est fortement sinistr\u00e9.<\/span><\/p>\n<p class=\"MsoNoSpacing c5\"><span class=\"c2\">Sans pour autant se proclamer chef de guerre, Ely\u00e8s Fakhfakh parle, d\u00e9j\u00e0, de \u00ab grand succ\u00e8s \u00bb dans cette guerre, vantant les m\u00e9rites de la r\u00e9activit\u00e9 de son gouvernement d\u00e8s l\u2019annonce mondiale du Covid-19. Mais, omettant soigneusement de rappeler que l\u2019ancienne ministre de la Sant\u00e9, Sonia Ben Cheikh avait, d\u00e8s la mi-f\u00e9vrier, mis en place le protocole et les m\u00e9canismes pour y faire face. Normal : on ne vante pas les m\u00e9rites de ses pr\u00e9d\u00e9cesseurs dans nos m\u0153urs politiques\u2026<\/span><\/p>\n<p class=\"MsoNoSpacing c5\"><span class=\"c2\">Le Chef du gouvernement n\u2019a cependant pas manqu\u00e9 de parler de l\u2019apr\u00e8s-Covid. L\u00e0, il a \u00e9t\u00e9 concret. Et ce plan s\u2019articule autour des urgences et elles sont au nombre de sept. Le<span class=\"c7\">\u00a0<\/span> renforcement de la s\u00e9curit\u00e9 et de la souverainet\u00e9 nationale (logique dans la mesure o\u00f9 les pyromanes s\u00e9vissent) ;<span class=\"c7\">\u00a0<\/span> la pr\u00e9servation du tissu \u00e9conomique et pr\u00e9servation des PME (qu\u2019en reste-t-il ?) ; la r\u00e9animation des secteurs les plus touch\u00e9s (avec quels fonds d\u00e8s lors qu\u2019il nous faut 5 mille milliards de dollars) ; l\u2019all\u00e8gement des pesanteurs bureaucratiques et la digitalisation de l\u2019administration (le transfert technologique requiert une mise \u00e0 niveau que l\u2019administration refuse) ; la pr\u00e9servation des emplois et la lutte contre le travail pr\u00e9caire ( le secteur priv\u00e9, copieusement diabolis\u00e9, suivra-t-il ?) ; l\u2019acc\u00e9l\u00e9ration des grands projets et le retour \u00e0 la normale du Bassin minier ( comment conjurer les d\u00e9rives ?) ; enfin, la lutte contre la corruption et l\u2019impunit\u00e9 ( Youssef Chahed disait la m\u00eame chose, sauf que la corruption ne concerne pas uniquement les services de la douane et quelques affairistes v\u00e9reux).<\/span><\/p>\n<p class=\"MsoNoSpacing c5\"><span class=\"c2\">Finalement, ces mesures sont absolument opportunes. Mais, les probl\u00e9matiques qui les rendent n\u00e9cessaires, sont ant\u00e9rieures \u00e0 la pand\u00e9mie. En fait, c\u2019est le type-m\u00eame de mesures-bateau. Comment les articuler ? Tout le probl\u00e8me est l\u00e0. Comment, d\u2019ailleurs, pr\u00e9tendre les concr\u00e9tiser au milieu des tiraillements politiques que Fakhfakh effleure, \u00e0 peine, dans son allocution alors qu\u2019il est en plein dedans ?<\/span><\/p>\n<p class=\"MsoNoSpacing c5\"><span class=\"c2\">\u00a0<\/span><\/p>\n<p class=\"MsoNoSpacing c5\"><strong class=\"c4\"><span class=\"c6\">\u00ab A long terme, nous serons tous morts \u00bb<\/span><\/strong><\/p>\n<p class=\"MsoNoSpacing c5\"><span class=\"c2\">Ely\u00e8s Fakhfakh a quand m\u00eame exprim\u00e9 une certaine empathie face \u00e0 la pauvret\u00e9 qui s\u00e9vit dans le pays, lui qui s\u2019arrange toujours pour paraitre de marbre. Et voil\u00e0 : la formule est lanc\u00e9e : \u00abcette pand\u00e9mie r\u00e9v\u00e8le la pauvret\u00e9 touchant des pans entiers de la population\u00bb. On savait que le Covid-19 repr\u00e9senterait un d\u00e9clencheur \u00abchimique\u00bb, un lancinant r\u00e9v\u00e9lateur des dysfonctionnements de l\u2019Etat, autant que les disparit\u00e9s sociales qui en ont r\u00e9sult\u00e9. Haute b\u00e9ance, les aides de 200 dinars auront bien mieux r\u00e9pertori\u00e9 ceux que la croissance a oubli\u00e9s dans sa fr\u00e9n\u00e9sie \u00e0 vouloir maquiller les d\u00e9s\u00e9quilibres socio-\u00e9conomiques. Les statistiques effroyables se sont faites d\u2019elles-m\u00eames, dans l\u2019\u00e9nergie du d\u00e9sespoir de ceux qui luttent pour la survivance. En tous les cas, loin des chiffres toujours bien \u00ab truqu\u00e9s \u00bb -comme dirait Churchill-, d\u2019un Institut National de la statistique, dont les cahiers ne sont jamais mis \u00e0 jour.<\/span><\/p>\n<p class=\"MsoNoSpacing c5\"><span class=\"c2\">Fallait-il attendre cette pand\u00e9mie pour se retrouver confront\u00e9s \u00e0 cette terrifiante r\u00e9alit\u00e9 ? Fakhfakh n\u2019avait que l\u2019empathie \u00e0 exprimer. L\u2019empathie c\u2019est, en effet, la capacit\u00e9 \u00e0 s\u2019identifier \u00e0 autrui dans ce qu\u2019il ressent\u2026 Le courage de le reconnaitre aussi.<\/span><\/p>\n<p class=\"MsoNoSpacing c5\"><span class=\"c2\">Comment palpe-t-il, n\u00e9anmoins ce fl\u00e9au de la pauvret\u00e9 ? Comment et par quels m\u00e9canismes l\u2019identifie-t-il ? Du coup, on revient \u00e0 ce rapport tr\u00e8s controvers\u00e9 de la Banque mondiale de 2019. On y lit que la Tunisie est l\u2019un des pays les plus pauvres de la R\u00e9gion MENA (Afrique du Nord et Moyen Orient). On y lit aussi que la pauvret\u00e9 frappe de plein fouet un million et demi de Tunisiens, dont un demi-million vivent avec \u00e0 peine quatre mis\u00e9rables petits dinars par jour.<\/span><\/p>\n<p class=\"MsoNoSpacing c5\"><span class=\"c2\">Par ailleurs, le minist\u00e8re des Affaires sociales avait \u00e9tabli le seuil de pauvret\u00e9, depuis 2011, \u00e0 hauteur des 24% de la population tunisienne, chiffre qui contraste encore avec le confort des chiffres de l\u2019INS : pour lui, \u00e0 peine 3,8%. A croire que nous sommes en plein r\u00e9gime Ben Ali, dont le grand leurre fut ce 26-26. Le fait est l\u00e0 : l\u2019Etat tentaculaire depuis 2011 n\u2019a rien \u00e0 envier \u00e0 celui du r\u00e9gime d\u00e9chu. Et, du coup, la pauvret\u00e9 s\u2019est intensifi\u00e9e, avec des horizons d\u2019emplois bouch\u00e9s.<\/span><\/p>\n<p class=\"MsoNoSpacing c5\"><span class=\"c2\">Qu\u2019on d\u00e9couvre, maintenant, que le peuple s\u2019appauvrit s\u2019apparente autant \u00e0 l\u2019hypocrisie d\u2019Etat (tous depuis 2011) qu\u2019\u00e0 une condamnation de l\u2019Histoire.<\/span><\/p>\n<p class=\"MsoNoSpacing c5\"><span class=\"c2\">Or, un axiome simple dit que la pauvret\u00e9 est aussi la r\u00e9sultante de la corruption. Absence de volont\u00e9 politique, non-respect des lois anti-corruption, pas de protection effective pour les d\u00e9nonciateurs et les lanceurs d\u2019alertes. Selon l\u2019ONG, \u00ab Transparency international \u00bb (rapport de 2019) la Tunisie a perdu 15 points entre 2010 et 2017, quelque chose d\u2019\u00e9tonnant pour un pays qui se lib\u00e8re de la dictature et, donc, de la corruption d\u2019Etat et qui acc\u00e8de \u00e0 la d\u00e9mocratie et, par-del\u00e0, \u00e0 la transparence. D\u2019ailleurs, la Tunisie est class\u00e9e, toujours en 2019, 74\u00e8me sur 100 reculant m\u00eame d\u2019un poste par rapport \u00e0 2018.<\/span><\/p>\n<p class=\"MsoNoSpacing c5\"><span class=\"c2\">C\u2019est cette m\u00eame corruption qui fait que la Tunisie soit si endett\u00e9e, et Ely\u00e8s Fakhfakh a qualifi\u00e9 cet endettement de \u00ab terrifiant \u00bb.<\/span><\/p>\n<p class=\"MsoNoSpacing c5\"><span class=\"c2\">Entre empathie et r\u00e9alisme, entre autosatisfaction et zones d\u2019ombre, le Chef du gouvernement rassure le bon peuple et lui donne de quoi s\u2019inqui\u00e9ter \u00e0 la fois. Il fait aussi un pied de nez \u00e0 Youssef Chahed, annon\u00e7ant les n\u00e9cessaires correctifs \u00e0 apporter \u00e0 la loi de finances 2020. Par o\u00f9 commencer ? Il parle de plan quinquennal 2020-2025. En d\u2019autres termes, de plan qui requiert des sacrifices. C&rsquo;est-\u00e0-dire, encore plus de sacrifices pour le peuple. Cinq ans, ce n\u2019est rien dans la vie d\u2019une Nation. C\u2019est du moyen terme. Or, dans l\u2019\u00e9tat o\u00f9 nous sommes, c\u2019est interminable. C\u2019est du long terme. Et, comme le dit l\u2019\u00e9conomiste Keynes, \u00ab \u00e0 long terme, nous serons tous morts \u00bb.<\/span><\/p>\n<p class=\"MsoNoSpacing c8\"><strong class=\"c4\"><span class=\"c6\">Raouf KHALSI<\/span><\/strong><\/p>\n<p>Auteur: letemps1<br \/>\n<a href=\"http:\/\/www.letemps.com.tn\/article\/114099\/ah-bon-il-y-donc-la-pauvret%C3%A9-et-la-corruption\">Cliquez ici pour lire l&rsquo;article depuis sa source.<\/a><\/p>\n","protected":false},"excerpt":{"rendered":"<p>L\u2019allocution d\u2019Ely\u00e8s Fakhfakh est diff\u00e9remment per\u00e7ue par les observateurs. On sait que, de nature, il n\u2019exprime jamais d\u2019\u00e9tats d\u2019\u00e2me, pratiquement \u00e0 l\u2019oppos\u00e9 des envol\u00e9es lyriques de son mentor Ka\u00efs Sa\u00efed. Il a y a m\u00eame, pour ainsi dire, un c\u00f4t\u00e9 robotis\u00e9 dans ses discours. Et, m\u00eame, dans ses r\u00e9centes interviews (sur la chaine Hannibal et, [&hellip;]<\/p>\n","protected":false},"author":1773,"featured_media":0,"comment_status":"closed","ping_status":"closed","sticky":false,"template":"","format":"standard","meta":{"fifu_image_url":"","fifu_image_alt":"","footnotes":""},"categories":[73,55],"tags":[],"class_list":["post-86355","post","type-post","status-publish","format-standard","hentry","category-actualite","category-tunisie"],"_links":{"self":[{"href":"https:\/\/linitiative.ca\/International\/wp-json\/wp\/v2\/posts\/86355","targetHints":{"allow":["GET"]}}],"collection":[{"href":"https:\/\/linitiative.ca\/International\/wp-json\/wp\/v2\/posts"}],"about":[{"href":"https:\/\/linitiative.ca\/International\/wp-json\/wp\/v2\/types\/post"}],"author":[{"embeddable":true,"href":"https:\/\/linitiative.ca\/International\/wp-json\/wp\/v2\/users\/1773"}],"replies":[{"embeddable":true,"href":"https:\/\/linitiative.ca\/International\/wp-json\/wp\/v2\/comments?post=86355"}],"version-history":[{"count":0,"href":"https:\/\/linitiative.ca\/International\/wp-json\/wp\/v2\/posts\/86355\/revisions"}],"wp:attachment":[{"href":"https:\/\/linitiative.ca\/International\/wp-json\/wp\/v2\/media?parent=86355"}],"wp:term":[{"taxonomy":"category","embeddable":true,"href":"https:\/\/linitiative.ca\/International\/wp-json\/wp\/v2\/categories?post=86355"},{"taxonomy":"post_tag","embeddable":true,"href":"https:\/\/linitiative.ca\/International\/wp-json\/wp\/v2\/tags?post=86355"}],"curies":[{"name":"wp","href":"https:\/\/api.w.org\/{rel}","templated":true}]}}