{"id":86356,"date":"2020-05-22T10:00:00","date_gmt":"2020-05-22T14:00:00","guid":{"rendered":"https:\/\/linitiative.ca\/International\/halte-a-larrogance-en-tant-que-politique\/"},"modified":"2020-05-22T10:00:00","modified_gmt":"2020-05-22T14:00:00","slug":"halte-a-larrogance-en-tant-que-politique","status":"publish","type":"post","link":"https:\/\/linitiative.ca\/International\/halte-a-larrogance-en-tant-que-politique\/","title":{"rendered":"Halte \u00e0 l\u2019arrogance en tant que politique !"},"content":{"rendered":"<p class=\"MsoNoSpacing c5\"><strong class=\"c4\"><em class=\"c3\"><span class=\"c2\">Et rebelote ! Mardi 19 mai, la pr\u00e9sidence du gouvernement de Sarraj \u00e0 Tripoli rend public un communiqu\u00e9 o\u00f9 l\u2019on apprend que Rached Ghannouchi, pr\u00e9sident de l\u2019Assembl\u00e9e des Repr\u00e9sentants du Peuple (ARP), a pris l\u2019initiative de t\u00e9l\u00e9phoner \u00e0 Sarraj. Pendant quatre heures, les Tunisiens en voulaient plus de d\u00e9tails et de r\u00e9ponses \u00e0 leurs interrogations sur ces activit\u00e9s extra-parlementaires de Ghannouchi. Le bureau de l\u2019ARP a fini par l\u00e2cher un communiqu\u00e9 \u00abtunisien\u00bb, une r\u00e9plique pas tr\u00e8s fid\u00e8le du communiqu\u00e9 issu de Tripoli. En effet, l\u2019ARP, en un tour de main qu\u2019elle a cru salutaire, a reproduit le texte du communiqu\u00e9 libyen\u2026en le censurant !<\/span><\/em><\/strong><\/p>\n<p class=\"MsoNoSpacing c5\"><span class=\"c2\">\u00a0<\/span><\/p>\n<p class=\"MsoNoSpacing c5\"><span class=\"c2\">Car le communiqu\u00e9 de Tripoli contient une phrase qui a \u00e9t\u00e9 biff\u00e9e lors de sa retransmission du Bardo. Voici la phrase : \u00ab M. Ghannouchi a exprim\u00e9 sa satisfaction quant \u00e0 la restitution \u00e0 la l\u00e9galit\u00e9 de la base proche des fronti\u00e8res tunisiennes\u2026 \u00bb. Entendez Loutiya !<\/span><\/p>\n<p class=\"MsoNoSpacing c5\"><span class=\"c2\">Si les faits sont r\u00e9els, leurs dimensions et leur nature le sont beaucoup moins \u00e9vidents. En parcourant les m\u00e9dias des deux rives du conflit libyen, on s\u2019aper\u00e7oit que la base de Loutiya a bel et bien \u00e9t\u00e9 r\u00e9cup\u00e9r\u00e9e par les forces de Sarraj, perfus\u00e9es par les armes et les contingents de mercenaires que la Turquie ne cesse d\u2019acheminer sur le territoire libyen. Une bataille qui n\u2019a rien chang\u00e9 \u00e0 l\u2019\u00e9quilibre g\u00e9n\u00e9ral sur le terrain. En termes militaires, le bilan de cette bataille est purement tactique, pour ne pas dire symbolique, d\u2019une part par sa superficie en termes g\u00e9ographiques, et d\u2019autre part, par son impact encore virtuel sur l\u2019\u00e9volution de la crise libyenne en g\u00e9n\u00e9ral. D\u2019ailleurs, si les forces de Sarraj ont mis l\u2019accent sur la n\u00e9cessit\u00e9 de retourner \u00e0 la table des n\u00e9gociations, le compte-rendu des forces de Haftar a annonc\u00e9 la bataille comme \u00e9tant un simple repli tactique de ses hommes, insinuant par-l\u00e0 la continuation de la guerre, comme contre-pied \u00e0 l\u2019orientation de Sarraj, lequel veut acculer ses ennemis \u00e0 la n\u00e9gociation.<\/span><\/p>\n<p class=\"MsoNoSpacing c5\"><span class=\"c2\">\u00a0<\/span><\/p>\n<p class=\"MsoNoSpacing c5\"><strong class=\"c4\"><span class=\"c6\">Colorer la prudence tunisienne en Libye !<\/span><\/strong><\/p>\n<p class=\"MsoNoSpacing c5\"><span class=\"c2\">D\u2019un point de vue diplomatique tunisien, depuis quand la diplomatie tunisienne se pronon\u00e7ait aussi ouvertement sur des \u00ab op\u00e9rations tactiques \u00bb entre bellig\u00e9rants ? Et s\u2019il y a lieu de le faire, le chef du parlement tunisien, en vertu de la \u00ab Constitution \u00bb n\u2019a aucune comp\u00e9tence \u00e0 le faire. Donc, o\u00f9 Ghannouchi puise toute cette arrogance pour faire dire \u00e0 la Tunisie et \u00e0 ses institutions souveraines ce qu\u2019ils se sont toujours refus\u00e9 \u00e0 dire ?<\/span><\/p>\n<p class=\"MsoNoSpacing c5\"><span class=\"c2\">D\u00e9j\u00e0 \u00e0 l\u2019ARP, le chef du parlement fait face depuis quelques jours \u00e0 un sit-in, qui risque de tourner \u00e0 la gr\u00e8ve de la faim, voire \u00e0 l\u2019internationalisation du dossier, du groupe du PDL (Parti Destourien Libre), conduit par l\u2019avocate Abir Moussi. Les sit-ineurs tiennent \u00e0 r\u00e9habiliter un droit qu\u2019ils consid\u00e8rent comme \u00e9tant bafou\u00e9 par Rached Ghannouchi, son cabinet fait de ses proches, avec l\u2019assentiment du bureau de l\u2019ARP, qui semble-t-il, se joue de tous les textes en vigueur, \u00e0 commencer par les statuts internes de l\u2019ARP. Il s\u2019agit du droit d\u2019interroger le pr\u00e9sident de l\u2019ARP sur ses cavaleries solitaires, en dehors de toutes les normes qui sou tendent le travail parlementaire.<\/span><\/p>\n<p class=\"MsoNoSpacing c5\"><span class=\"c2\">D\u00e9j\u00e0 le block du PDL dispose de tout un dossier sur les activit\u00e9s \u00ab parall\u00e8les \u00bb de Ghannouchi avec les autorit\u00e9s turques et qataries. Un dossier que le reste des d\u00e9put\u00e9s suivent avec une g\u00eane de plus en plus marqu\u00e9e, laquelle risque de se transformer, \u00e0 tout moment, de l\u2019attentisme prudent en une vague d\u2019alignement sur les positions d\u2019Abir Moussi. Plaident en cette direction plusieurs facteurs dont notamment les agissements en cascades de certains responsables d\u2019Ennahdha et de ses tentacules folkloriques dont semblent raffoler les m\u00e9dias ramadanesques ainsi confin\u00e9s, et en mal de sensas.<\/span><\/p>\n<p class=\"MsoNoSpacing c5\"><span class=\"c2\">Le grand absent de ce processus de pourrissement de la sc\u00e8ne politique et de la vie du citoyen, est bien entendu, la Pr\u00e9sidence de la R\u00e9publique, seule comp\u00e9tente en mati\u00e8re de diplomatie et de gestion protocolaire et politique des relations ext\u00e9rieures de l\u2019Etat.<\/span><\/p>\n<p class=\"MsoNoSpacing c5\"><span class=\"c2\">\u00a0<\/span><\/p>\n<p class=\"MsoNoSpacing c5\"><strong class=\"c4\"><span class=\"c6\">La Pr\u00e9sidence\u2026aux abonn\u00e9s absents !<\/span><\/strong><\/p>\n<p class=\"MsoNoSpacing c5\"><span class=\"c2\">Le Pr\u00e9sident Ka\u00efs Sa\u00efd est-il en train de peaufiner la suite \u00e0 donner \u00e0 ses propos durs qu\u2019il avait prononc\u00e9s \u00e0 K\u00e9bili, lors de la \u00ab c\u00e9r\u00e9monie militaire \u00bb d\u2019inauguration de l\u2019H\u00f4pital de campagne, acquis comme \u00e9tant un don de l\u2019Emirat du Qatar ? Le retrait de la charge, euph\u00e9misme de la dissolution de l\u2019ARP, est-il encore \u00e0 l\u2019ordre du jour ? Ou bien \u00e9tait-il un simple abus de langage ou un \u00e9lan rh\u00e9torique de circonstance, sans lendemain ?<\/span><\/p>\n<p class=\"MsoNoSpacing c5\"><span class=\"c2\">La situation semble plus que jamais intenable. Des organisations de Zakat \u00e9closent ici et l\u00e0, tandis que les feux sporadiques s\u2019intensifient contre la nature plut\u00f4t froide de la p\u00e9riode que nous traversons, pour viser une panoplie de cibles civiles, cr\u00e9ant un concours de faits suspects \u00e0 tous \u00e9gards.<\/span><\/p>\n<p class=\"MsoNoSpacing c5\"><span class=\"c2\">Depuis deux semaines, Ghannouchi baignait dans une solitude qui a encourag\u00e9 certains citoyens \u00e0 multiplier les p\u00e9titions en faveur d\u2019un audit s\u00e9rieux des fortunes tunisiennes, avec en premier lieu celle de Ghannouchi et de sa famille.<\/span><\/p>\n<p class=\"MsoNoSpacing c5\"><span class=\"c2\">Au sein de l\u2019ARP, le parti Ennahdha peine \u00e0 f\u00e9d\u00e9rer les blocs parlementaires de l\u2019opposition et ceux d\u2019apparence neutre, en passe d\u2019acqu\u00e9rir un impact r\u00e9ellement mena\u00e7ant pour la toute-puissance du parti islamiste, allant jusqu\u2019\u00e0 proposer des projets de lois visant, franchement et sans ambages, \u00e0 sauver Qalb Toun\u00e8s, la deuxi\u00e8me formation \u00e0 l\u2019ARP, d\u2019une disparition pure et simple.<\/span><\/p>\n<p class=\"MsoNoSpacing c5\"><span class=\"c2\">Ainsi, il apparait tr\u00e8s sens\u00e9 de s\u2019interroger si la Tunisie est capable, d\u00e8s apr\u00e8s l\u2019A\u00efd El Fitr, de rompre son je\u00fbne d\u00e9mocratique, impos\u00e9 par une classe politique o\u00f9 l\u2019indigence intellectuelle le dispute \u00e0 la mauvaise foi id\u00e9ologique, afin de soutenir le climat de d\u00e9pression que le pays supporte de plus en plus mal.<\/span><\/p>\n<p class=\"MsoNoSpacing c5\"><span class=\"c2\">Cette fois-ci encore, on peut dire que les institutions seules, et le juridisme primaire ne seront pas d\u2019un grand secours face \u00e0 une guerre de clans qui ne dit pas son nom. L\u2019exp\u00e9rience du Quartet commence \u00e0 refaire surface. Cette fois-ci, l\u2019arrogance, quel qu\u2019en soit le bord, sera fatale pour tout le pays.<\/span><\/p>\n<p class=\"MsoNoSpacing c5\"><span class=\"c2\">En tout \u00e9tat de cause, le pays ne peut plus continuer comme cela ! Avec un Etat en haillons !<\/span><\/p>\n<p class=\"MsoNoSpacing c7\"><strong class=\"c4\"><span class=\"c6\">Jameleddine EL HAJJI<\/span><\/strong><\/p>\n<p>Auteur: letemps1<br \/>\n<a href=\"http:\/\/www.letemps.com.tn\/article\/114100\/halte-%C3%A0-l%E2%80%99arrogance-en-tant-que-politique\">Cliquez ici pour lire l&rsquo;article depuis sa source.<\/a><\/p>\n","protected":false},"excerpt":{"rendered":"<p>Et rebelote ! Mardi 19 mai, la pr\u00e9sidence du gouvernement de Sarraj \u00e0 Tripoli rend public un communiqu\u00e9 o\u00f9 l\u2019on apprend que Rached Ghannouchi, pr\u00e9sident de l\u2019Assembl\u00e9e des Repr\u00e9sentants du Peuple (ARP), a pris l\u2019initiative de t\u00e9l\u00e9phoner \u00e0 Sarraj. Pendant quatre heures, les Tunisiens en voulaient plus de d\u00e9tails et de r\u00e9ponses \u00e0 leurs interrogations [&hellip;]<\/p>\n","protected":false},"author":1773,"featured_media":0,"comment_status":"closed","ping_status":"closed","sticky":false,"template":"","format":"standard","meta":{"fifu_image_url":"","fifu_image_alt":"","footnotes":""},"categories":[73,55],"tags":[],"class_list":["post-86356","post","type-post","status-publish","format-standard","hentry","category-actualite","category-tunisie"],"_links":{"self":[{"href":"https:\/\/linitiative.ca\/International\/wp-json\/wp\/v2\/posts\/86356","targetHints":{"allow":["GET"]}}],"collection":[{"href":"https:\/\/linitiative.ca\/International\/wp-json\/wp\/v2\/posts"}],"about":[{"href":"https:\/\/linitiative.ca\/International\/wp-json\/wp\/v2\/types\/post"}],"author":[{"embeddable":true,"href":"https:\/\/linitiative.ca\/International\/wp-json\/wp\/v2\/users\/1773"}],"replies":[{"embeddable":true,"href":"https:\/\/linitiative.ca\/International\/wp-json\/wp\/v2\/comments?post=86356"}],"version-history":[{"count":0,"href":"https:\/\/linitiative.ca\/International\/wp-json\/wp\/v2\/posts\/86356\/revisions"}],"wp:attachment":[{"href":"https:\/\/linitiative.ca\/International\/wp-json\/wp\/v2\/media?parent=86356"}],"wp:term":[{"taxonomy":"category","embeddable":true,"href":"https:\/\/linitiative.ca\/International\/wp-json\/wp\/v2\/categories?post=86356"},{"taxonomy":"post_tag","embeddable":true,"href":"https:\/\/linitiative.ca\/International\/wp-json\/wp\/v2\/tags?post=86356"}],"curies":[{"name":"wp","href":"https:\/\/api.w.org\/{rel}","templated":true}]}}