{"id":86359,"date":"2020-05-22T15:13:19","date_gmt":"2020-05-22T19:13:19","guid":{"rendered":"https:\/\/linitiative.ca\/International\/international-real-madrid-zidane-apprecierait-le-profil-de-bennacer\/"},"modified":"2020-05-22T15:13:19","modified_gmt":"2020-05-22T19:13:19","slug":"international-real-madrid-zidane-apprecierait-le-profil-de-bennacer","status":"publish","type":"post","link":"https:\/\/linitiative.ca\/International\/international-real-madrid-zidane-apprecierait-le-profil-de-bennacer\/","title":{"rendered":"International : Real Madrid: Zidane appr\u00e9cierait le profil de Bennacer"},"content":{"rendered":"<div readability=\"32\">\n<p>Auteur : <span>Riad O.<\/span> <span class=\"time\">vendredi 22 mai 2020 12:13<\/span><\/p>\n<\/div>\n<div id=\"post_core\" readability=\"40\">\n<p>A en croire le m\u00e9dia espagnol, Don Bal\u00f3n, l\u2019entra\u00eeneur fran\u00e7ais du Real Madrid, Zinedine Zidane appr\u00e9cierait beaucoup le profil du joueur milieu de terrain Alg\u00e9rien, Isma\u00ebl Bennacer. La m\u00eame source a indiqu\u00e9 \u00e9galement que Zizou voit en Bennacer le rempla\u00e7ant parfait du br\u00e9silien, Casemiro. Rappelons que le PSG et Manchester City seraient aussi sur les traces du meilleur joueur de la pr\u00e9c\u00e9dente CAN 2019.<\/p>\n<p><strong>Publi\u00e9 dans :<\/strong> <span>BENNACER<\/span><\/p>\n<\/div>\n<p>Auteur:<br \/>\n<a href=\"http:\/\/www.lebuteur.com\/article\/detail?titre=real-madrid-zidane-apprecierait-le-profil-de-bennacer&#038;id=96017&#038;utm_source=feedburner&#038;utm_medium=feed&#038;utm_campaign=Feed%3A+GalerieFArtciles+%28Les+derniers+articles++-+lebuteur.com%29\">Cliquez ici pour lire l&rsquo;article depuis sa source.<\/a><\/p>\n","protected":false},"excerpt":{"rendered":"<p>Auteur : Riad O. vendredi 22 mai 2020 12:13 A en croire le m\u00e9dia espagnol, Don Bal\u00f3n, l\u2019entra\u00eeneur fran\u00e7ais du Real Madrid, Zinedine Zidane appr\u00e9cierait beaucoup le profil du joueur milieu de terrain Alg\u00e9rien, Isma\u00ebl Bennacer. La m\u00eame source a indiqu\u00e9 \u00e9galement que Zizou voit en Bennacer le rempla\u00e7ant parfait du br\u00e9silien, Casemiro. Rappelons que [&hellip;]<\/p>\n","protected":false},"author":1738,"featured_media":86360,"comment_status":"closed","ping_status":"closed","sticky":false,"template":"","format":"standard","meta":{"fifu_image_url":"","fifu_image_alt":"","footnotes":""},"categories":[53,75],"tags":[],"class_list":["post-86359","post","type-post","status-publish","format-standard","has-post-thumbnail","hentry","category-algerie","category-sport"],"_links":{"self":[{"href":"https:\/\/linitiative.ca\/International\/wp-json\/wp\/v2\/posts\/86359","targetHints":{"allow":["GET"]}}],"collection":[{"href":"https:\/\/linitiative.ca\/International\/wp-json\/wp\/v2\/posts"}],"about":[{"href":"https:\/\/linitiative.ca\/International\/wp-json\/wp\/v2\/types\/post"}],"author":[{"embeddable":true,"href":"https:\/\/linitiative.ca\/International\/wp-json\/wp\/v2\/users\/1738"}],"replies":[{"embeddable":true,"href":"https:\/\/linitiative.ca\/International\/wp-json\/wp\/v2\/comments?post=86359"}],"version-history":[{"count":0,"href":"https:\/\/linitiative.ca\/International\/wp-json\/wp\/v2\/posts\/86359\/revisions"}],"wp:featuredmedia":[{"embeddable":true,"href":"https:\/\/linitiative.ca\/International\/wp-json\/"}],"wp:attachment":[{"href":"https:\/\/linitiative.ca\/International\/wp-json\/wp\/v2\/media?parent=86359"}],"wp:term":[{"taxonomy":"category","embeddable":true,"href":"https:\/\/linitiative.ca\/International\/wp-json\/wp\/v2\/categories?post=86359"},{"taxonomy":"post_tag","embeddable":true,"href":"https:\/\/linitiative.ca\/International\/wp-json\/wp\/v2\/tags?post=86359"}],"curies":[{"name":"wp","href":"https:\/\/api.w.org\/{rel}","templated":true}]}}