{"id":86363,"date":"2020-05-22T15:13:23","date_gmt":"2020-05-22T19:13:23","guid":{"rendered":"https:\/\/linitiative.ca\/International\/international-barcelone-arthur-aurait-deja-pris-une-decision-pour-son-avenir\/"},"modified":"2020-05-22T15:13:23","modified_gmt":"2020-05-22T19:13:23","slug":"international-barcelone-arthur-aurait-deja-pris-une-decision-pour-son-avenir","status":"publish","type":"post","link":"https:\/\/linitiative.ca\/International\/international-barcelone-arthur-aurait-deja-pris-une-decision-pour-son-avenir\/","title":{"rendered":"International : Barcelone : Arthur aurait d\u00e9j\u00e0 pris une d\u00e9cision pour son avenir !"},"content":{"rendered":"<div readability=\"32\">\n<p>Auteur : <span class=\"time\">vendredi 22 mai 2020 18:45<\/span><\/p>\n<\/div>\n<div id=\"post_core\" readability=\"56\">\n<p>Courtis\u00e9 dans le cadre de l\u2019\u00e9change avec le milieu international bosniaque de la Juventus Miralem Pjanic, Arthur Melo avait, \u00e0 plusieurs reprises, fait savoir qu\u2019il ne comptait pas quitter le FC Barcelone, qu\u2019il a rejoint en 2018 contre 31 millions d\u2019euros. Cependant, la Juventus ne semble toujours abandonner l\u2019id\u00e9e d\u2019inclure l\u2019international br\u00e9silien dans la transaction, et d\u2019apr\u00e8s la Gazzetta dello Sport, le Bar\u00e7a serait en pourparlers avec Arthur pour qu\u2019il revoie sa position. Cependant, il n\u2019en serait finalement rien\u2026<\/p>\n<p>Ainsi, comme r\u00e9v\u00e9l\u00e9 par Le 10 Sport, Arthur Melo n\u2019aurait aucunement l\u2019intention de revoir sa position. En effet, l\u2019entourage de l\u2019international br\u00e9silien aurait affirm\u00e9 que la volont\u00e9 du joueur du FC Barcelone serait toujours la m\u00eame, et qu\u2019il ne souhaitait toujours pas quitter le club la saison prochaine. Un coup dur donc pour la Juventus, qui souhaitait \u00e0 tout prix l\u2019inclure dans une transaction pour Miralem Pjanic. M\u00eame si rien n\u2019est encore boucl\u00e9 dans ce dossier, il sera difficile pour la Juventus de convaincre l\u2019international br\u00e9silien de revoir sa position actuelle\u2026<\/p>\n<p><strong>Publi\u00e9 dans :<\/strong> <span>Barcelone : Arthur<\/span><\/p>\n<\/div>\n<p>Auteur:<br \/>\n<a href=\"http:\/\/www.lebuteur.com\/article\/detail?titre=barcelone-arthur-aurait-deja-pris-une-decision-pour-son-avenir&#038;id=96019&#038;utm_source=feedburner&#038;utm_medium=feed&#038;utm_campaign=Feed%3A+GalerieFArtciles+%28Les+derniers+articles++-+lebuteur.com%29\">Cliquez ici pour lire l&rsquo;article depuis sa source.<\/a><\/p>\n","protected":false},"excerpt":{"rendered":"<p>Auteur : vendredi 22 mai 2020 18:45 Courtis\u00e9 dans le cadre de l\u2019\u00e9change avec le milieu international bosniaque de la Juventus Miralem Pjanic, Arthur Melo avait, \u00e0 plusieurs reprises, fait savoir qu\u2019il ne comptait pas quitter le FC Barcelone, qu\u2019il a rejoint en 2018 contre 31 millions d\u2019euros. Cependant, la Juventus ne semble toujours abandonner [&hellip;]<\/p>\n","protected":false},"author":1738,"featured_media":86364,"comment_status":"closed","ping_status":"closed","sticky":false,"template":"","format":"standard","meta":{"fifu_image_url":"","fifu_image_alt":"","footnotes":""},"categories":[53,75],"tags":[],"class_list":["post-86363","post","type-post","status-publish","format-standard","has-post-thumbnail","hentry","category-algerie","category-sport"],"_links":{"self":[{"href":"https:\/\/linitiative.ca\/International\/wp-json\/wp\/v2\/posts\/86363","targetHints":{"allow":["GET"]}}],"collection":[{"href":"https:\/\/linitiative.ca\/International\/wp-json\/wp\/v2\/posts"}],"about":[{"href":"https:\/\/linitiative.ca\/International\/wp-json\/wp\/v2\/types\/post"}],"author":[{"embeddable":true,"href":"https:\/\/linitiative.ca\/International\/wp-json\/wp\/v2\/users\/1738"}],"replies":[{"embeddable":true,"href":"https:\/\/linitiative.ca\/International\/wp-json\/wp\/v2\/comments?post=86363"}],"version-history":[{"count":0,"href":"https:\/\/linitiative.ca\/International\/wp-json\/wp\/v2\/posts\/86363\/revisions"}],"wp:featuredmedia":[{"embeddable":true,"href":"https:\/\/linitiative.ca\/International\/wp-json\/"}],"wp:attachment":[{"href":"https:\/\/linitiative.ca\/International\/wp-json\/wp\/v2\/media?parent=86363"}],"wp:term":[{"taxonomy":"category","embeddable":true,"href":"https:\/\/linitiative.ca\/International\/wp-json\/wp\/v2\/categories?post=86363"},{"taxonomy":"post_tag","embeddable":true,"href":"https:\/\/linitiative.ca\/International\/wp-json\/wp\/v2\/tags?post=86363"}],"curies":[{"name":"wp","href":"https:\/\/api.w.org\/{rel}","templated":true}]}}