{"id":86365,"date":"2020-05-22T15:13:24","date_gmt":"2020-05-22T19:13:24","guid":{"rendered":"https:\/\/linitiative.ca\/International\/pros-mgladbach-bensebaini-va-jouer-ce-weekend-devant-13000-supporters-en-carton-photos\/"},"modified":"2020-05-22T15:13:24","modified_gmt":"2020-05-22T19:13:24","slug":"pros-mgladbach-bensebaini-va-jouer-ce-weekend-devant-13000-supporters-en-carton-photos","status":"publish","type":"post","link":"https:\/\/linitiative.ca\/International\/pros-mgladbach-bensebaini-va-jouer-ce-weekend-devant-13000-supporters-en-carton-photos\/","title":{"rendered":"Pros : M&rsquo;gladbach : Bensebaini va jouer ce weekend devant 13000 supporters&#8230; en carton ! (Photos)"},"content":{"rendered":"<div readability=\"32\">\n<p>Auteur : <span class=\"time\">vendredi 22 mai 2020 19:06<\/span><\/p>\n<\/div>\n<div id=\"post_core\" readability=\"40\">\n<p>En effet, Ramy Bensebaini va vivre une premi\u00e8re dans sa carri\u00e8re. Ce samedi, \u00e0 l&rsquo;occasion de son premier match \u00e0 domicile depuis la reprise de la Bundesliga, le Borussia Monchengladbach va accueillir le Bayer Leverkusen devant 13000 mannequins en carton dispos\u00e9s dans les tribunes du Borussia Park :<\/p>\n<p><img decoding=\"async\" alt=\"\" src=\"https:\/\/i.dailymail.co.uk\/1s\/2020\/05\/22\/16\/28710086-0-image-a-15_1590161502191.jpg\" class=\"c1\"\/><\/p>\n<p><img decoding=\"async\" alt=\"\" src=\"https:\/\/i.dailymail.co.uk\/1s\/2020\/05\/22\/17\/28710088-8348535-Non_League_Lewes_may_follow_suit_and_allows_supporters_to_donate-a-7_1590163784023.jpg\" class=\"c2\"\/><\/p>\n<p><img decoding=\"async\" alt=\"\" src=\"https:\/\/i.dailymail.co.uk\/1s\/2020\/05\/22\/16\/28710080-0-image-a-18_1590161534568.jpg\" class=\"c1\"\/><\/p>\n<p><strong>Publi\u00e9 dans :<\/strong> <span>Bensebaini<\/span><\/p>\n<\/div>\n<p>Auteur:<br \/>\n<a href=\"http:\/\/www.lebuteur.com\/article\/detail?titre=mgladbach-bensebaini-va-jouer-ce-weekend-devant-13000-supporters-en-carton-photos&#038;id=96020&#038;utm_source=feedburner&#038;utm_medium=feed&#038;utm_campaign=Feed%3A+GalerieFArtciles+%28Les+derniers+articles++-+lebuteur.com%29\">Cliquez ici pour lire l&rsquo;article depuis sa source.<\/a><\/p>\n","protected":false},"excerpt":{"rendered":"<p>Auteur : vendredi 22 mai 2020 19:06 En effet, Ramy Bensebaini va vivre une premi\u00e8re dans sa carri\u00e8re. Ce samedi, \u00e0 l&rsquo;occasion de son premier match \u00e0 domicile depuis la reprise de la Bundesliga, le Borussia Monchengladbach va accueillir le Bayer Leverkusen devant 13000 mannequins en carton dispos\u00e9s dans les tribunes du Borussia Park : [&hellip;]<\/p>\n","protected":false},"author":1738,"featured_media":86366,"comment_status":"closed","ping_status":"closed","sticky":false,"template":"","format":"standard","meta":{"fifu_image_url":"","fifu_image_alt":"","footnotes":""},"categories":[53,75],"tags":[],"class_list":["post-86365","post","type-post","status-publish","format-standard","has-post-thumbnail","hentry","category-algerie","category-sport"],"_links":{"self":[{"href":"https:\/\/linitiative.ca\/International\/wp-json\/wp\/v2\/posts\/86365","targetHints":{"allow":["GET"]}}],"collection":[{"href":"https:\/\/linitiative.ca\/International\/wp-json\/wp\/v2\/posts"}],"about":[{"href":"https:\/\/linitiative.ca\/International\/wp-json\/wp\/v2\/types\/post"}],"author":[{"embeddable":true,"href":"https:\/\/linitiative.ca\/International\/wp-json\/wp\/v2\/users\/1738"}],"replies":[{"embeddable":true,"href":"https:\/\/linitiative.ca\/International\/wp-json\/wp\/v2\/comments?post=86365"}],"version-history":[{"count":0,"href":"https:\/\/linitiative.ca\/International\/wp-json\/wp\/v2\/posts\/86365\/revisions"}],"wp:featuredmedia":[{"embeddable":true,"href":"https:\/\/linitiative.ca\/International\/wp-json\/"}],"wp:attachment":[{"href":"https:\/\/linitiative.ca\/International\/wp-json\/wp\/v2\/media?parent=86365"}],"wp:term":[{"taxonomy":"category","embeddable":true,"href":"https:\/\/linitiative.ca\/International\/wp-json\/wp\/v2\/categories?post=86365"},{"taxonomy":"post_tag","embeddable":true,"href":"https:\/\/linitiative.ca\/International\/wp-json\/wp\/v2\/tags?post=86365"}],"curies":[{"name":"wp","href":"https:\/\/api.w.org\/{rel}","templated":true}]}}