{"id":86367,"date":"2020-05-22T15:18:28","date_gmt":"2020-05-22T19:18:28","guid":{"rendered":"https:\/\/linitiative.ca\/International\/oued-smar-le-parc-urbain-ouvrira-bientot\/"},"modified":"2020-05-22T15:18:28","modified_gmt":"2020-05-22T19:18:28","slug":"oued-smar-le-parc-urbain-ouvrira-bientot","status":"publish","type":"post","link":"https:\/\/linitiative.ca\/International\/oued-smar-le-parc-urbain-ouvrira-bientot\/","title":{"rendered":"OUED SMAR :  Le parc urbain ouvrira bient\u00f4t"},"content":{"rendered":"<p>Ils ont visit\u00e9 le nouveau parc urbain \u00e9rig\u00e9 sur le lieu de l\u2019ancienne d\u00e9charge qui ouvrira au public \u00e0 l\u2019issue du r\u00e8glement des questions administratives et se sont enquis de l\u2019avancement des travaux d\u2019am\u00e9nagement et d\u2019\u00e9quipement.<\/p>\n<div readability=\"57\">\n<p>Apr\u00e8s avoir \u00e9cout\u00e9 les explications fournies par le directeur g\u00e9n\u00e9ral de l\u2019Agence nationale des d\u00e9chets (AND) qui supervise le projet, la ministre a fait part de sa satisfaction du r\u00e9sultat du travail effectu\u00e9 et soulign\u00e9 qu\u2019il \u00e9tait primordial de prendre soins de ce bijou environnemental.\u00a0 \u00a0<\/p>\n<p>Mme Benharrats a affirm\u00e9 que le parc en question est une source de gaz naturel d\u00e9riv\u00e9 de d\u00e9chets pr\u00e9c\u00e9demment jet\u00e9s avec une capacit\u00e9 de production de 1 m\u00e9gawatt, qui va couvrir largement les besoins \u00e9nerg\u00e9tiques du parc mais, a-t-elle ajout\u00e9, il alimentera une bonne partie des structures alentour du parc.<\/p>\n<p>Au Jardin d\u2019essai d\u2019El-Hamma, elle a insist\u00e9, en pr\u00e9sence des membres de la commission minist\u00e9rielle mixte des Espaces Verts qu\u2019elle pr\u00e9side, sur la n\u00e9cessit\u00e9 de lancer dans les plus brefs d\u00e9lais le processus de classification nationale du plus grand espace\u00a0 luxuriant en Alg\u00e9rie en pr\u00e9vision de la m\u00eame proc\u00e9dure au niveau international pour le classer au patrimoine universel. \u00ab Nous accordons une importance accrue \u00e0 la biodiversit\u00e9 biologique qui est l\u2019avenir de l\u2019humanit\u00e9 \u00bb, a-t-elle not\u00e9.<\/p>\n<p>Tr\u00e8s riche en esp\u00e8ces rares et diverses de plantes ainsi que d\u2019animaux, sans oublier ses superbes paysages, le jardin d\u2019essai est consid\u00e9r\u00e9 comme l\u2019un des sites les plus magnifiques au monde.<\/p>\n<p>Pour rappel, en 2018, les pouvoirs publics avaient pr\u00e9par\u00e9 un dossier pour le soumettre \u00e0 l\u2019UNESCO pour sa classification mais en vain. Aujourd\u2019hui, il semble que les pouvoirs publics sont plus que jamais d\u00e9cid\u00e9s \u00e0 aller de l\u2019avant et \u00e0 redorer le blason ce chef d\u2019\u0153uvre environnemental, cr\u00e9\u00e9 en 1832.\u00a0<\/p>\n<p>S\u2019\u00e9tendant sur une superficie de 32 ha, il a \u00e9t\u00e9 rouvert aux visiteurs en 2009 apr\u00e8s l\u2019ach\u00e8vement des travaux de r\u00e9am\u00e9nagement et de modernisation qui ont dur\u00e9 cinq ans. Pour sa part, le wali d\u2019Alger, Abdelkhalek Sayouda, a mis l\u2019accent sur la n\u00e9cessit\u00e9 de pr\u00e9server cette richesse naturelle et de travailler continuellement pour la classer comme r\u00e9serve nationale dans le cadre de la pr\u00e9paration des proc\u00e9dures de classement au patrimoine universel.\u00a0<\/p>\n<p>Sur un autre registre, les deux ministres et le wali ont proc\u00e9d\u00e9 \u00e0 la distribution de bavettes afin de sensibiliser les citoyens sur la propagation du Covid-19 et de prendre aux s\u00e9rieux les mesures de protection.<\/p>\n<p><strong>Mohamed Mendaci<\/strong><\/p>\n<\/div>\n<p>Auteur: elmoudjahid<br \/>\n<a href=\"http:\/\/www.elmoudjahid.com\/fr\/actualites\/153778\">Cliquez ici pour lire l&rsquo;article depuis sa source.<\/a><\/p>\n","protected":false},"excerpt":{"rendered":"<p>Ils ont visit\u00e9 le nouveau parc urbain \u00e9rig\u00e9 sur le lieu de l\u2019ancienne d\u00e9charge qui ouvrira au public \u00e0 l\u2019issue du r\u00e8glement des questions administratives et se sont enquis de l\u2019avancement des travaux d\u2019am\u00e9nagement et d\u2019\u00e9quipement. Apr\u00e8s avoir \u00e9cout\u00e9 les explications fournies par le directeur g\u00e9n\u00e9ral de l\u2019Agence nationale des d\u00e9chets (AND) qui supervise le [&hellip;]<\/p>\n","protected":false},"author":1744,"featured_media":0,"comment_status":"closed","ping_status":"closed","sticky":false,"template":"","format":"standard","meta":{"fifu_image_url":"","fifu_image_alt":"","footnotes":""},"categories":[73,53],"tags":[],"class_list":["post-86367","post","type-post","status-publish","format-standard","hentry","category-actualite","category-algerie"],"_links":{"self":[{"href":"https:\/\/linitiative.ca\/International\/wp-json\/wp\/v2\/posts\/86367","targetHints":{"allow":["GET"]}}],"collection":[{"href":"https:\/\/linitiative.ca\/International\/wp-json\/wp\/v2\/posts"}],"about":[{"href":"https:\/\/linitiative.ca\/International\/wp-json\/wp\/v2\/types\/post"}],"author":[{"embeddable":true,"href":"https:\/\/linitiative.ca\/International\/wp-json\/wp\/v2\/users\/1744"}],"replies":[{"embeddable":true,"href":"https:\/\/linitiative.ca\/International\/wp-json\/wp\/v2\/comments?post=86367"}],"version-history":[{"count":0,"href":"https:\/\/linitiative.ca\/International\/wp-json\/wp\/v2\/posts\/86367\/revisions"}],"wp:attachment":[{"href":"https:\/\/linitiative.ca\/International\/wp-json\/wp\/v2\/media?parent=86367"}],"wp:term":[{"taxonomy":"category","embeddable":true,"href":"https:\/\/linitiative.ca\/International\/wp-json\/wp\/v2\/categories?post=86367"},{"taxonomy":"post_tag","embeddable":true,"href":"https:\/\/linitiative.ca\/International\/wp-json\/wp\/v2\/tags?post=86367"}],"curies":[{"name":"wp","href":"https:\/\/api.w.org\/{rel}","templated":true}]}}