{"id":86368,"date":"2020-05-22T15:18:31","date_gmt":"2020-05-22T19:18:31","guid":{"rendered":"https:\/\/linitiative.ca\/International\/m-abderrahmane-benbouzid-lassouplissement-du-confinement-est-tributaire-de-lamelioration-de-la-situation\/"},"modified":"2020-05-22T15:18:31","modified_gmt":"2020-05-22T19:18:31","slug":"m-abderrahmane-benbouzid-lassouplissement-du-confinement-est-tributaire-de-lamelioration-de-la-situation","status":"publish","type":"post","link":"https:\/\/linitiative.ca\/International\/m-abderrahmane-benbouzid-lassouplissement-du-confinement-est-tributaire-de-lamelioration-de-la-situation\/","title":{"rendered":"M. Abderrahmane Benbouzid : \u00abL\u2019assouplissement du confinement est tributaire  de l\u2019am\u00e9lioration de la situation\u00bb"},"content":{"rendered":"<p>\u00a0\u00abLorsque la courbe (du nombre de contamination et de d\u00e9c\u00e8s dus au coronavirus) s&rsquo;am\u00e9liorera, lorsque les chiffres baisseront, lorsqu&rsquo;on aura suffisamment de certitudes qu&rsquo;il n&rsquo;y a pas de foyers qui d\u00e9rangent, on proposera des mesures de d\u00e9confinement\u00bb, a-t-il d\u00e9clar\u00e9, sur les ondes de la Cha\u00eene III, de la radio nationale.<\/p>\n<p>Autrement dit, le d\u00e9confinement ne pourrait \u00eatre envisag\u00e9 que \u00abs&rsquo;il y a des indices favorables\u00bb, selon le ministre de la Sant\u00e9. M. Benbouzid a soulign\u00e9, \u00e0 ce titre, que la r\u00e9f\u00e9rence pour aller vers cette mesure reste \u00ables chiffres concernant le nombre de contamination et de d\u00e9c\u00e8s\u00bb. \u00abSi la d\u00e9crue est entam\u00e9e et que cela devient durable, il arriverait un moment, jamais je ne vous dirais quand et personne ne vous dira quand, \u00e0 ce moment-l\u00e0 on engagera des mesures de d\u00e9confinement graduel\u00bb, a-t-il expliqu\u00e9, pr\u00e9cisant, toutefois, que l&rsquo;Alg\u00e9rie pourrait lancer un plan de d\u00e9confinement lorsque le nombre de contaminations passera sous la barre des 50 cas par jour.<\/p>\n<p>Mais, pour le moment, a-t-il poursuivi, \u00abil n&rsquo;y a aucun plan de d\u00e9confinement mis en place\u00bb. Le ministre soutient, toutefois, que la situation \u00e9pid\u00e9miologique est \u00abplus ou moins stable\u00bb et que l&rsquo;Alg\u00e9rie est \u00absur une courbe en dents de scie\u00bb.\u00a0\u00a0<\/p>\n<p>M. Benbouzid a mis en garde, par ailleurs, contre la \u00abr\u00e9surgence de l&rsquo;\u00e9pid\u00e9mie\u00bb, affirmant qu&rsquo;en cas de d\u00e9confinement, \u00abcertaines mesures, notamment le port du masque, resteront obligatoires\u00bb.<\/p>\n<p>Il a \u00e9cart\u00e9, en outre, un durcissement des mesures de confinement apr\u00e8s le 30 mai. \u00abNous sommes beaucoup plus dans la r\u00e9flexion d\u2019all\u00e9gement que de durcissement des mesures de confinement\u00bb, a-t-il affirm\u00e9.\u00a0<\/p>\n<p>Auteur: elmoudjahid<br \/>\n<a href=\"http:\/\/www.elmoudjahid.com\/fr\/actualites\/153779\">Cliquez ici pour lire l&rsquo;article depuis sa source.<\/a><\/p>\n","protected":false},"excerpt":{"rendered":"<p>\u00a0\u00abLorsque la courbe (du nombre de contamination et de d\u00e9c\u00e8s dus au coronavirus) s&rsquo;am\u00e9liorera, lorsque les chiffres baisseront, lorsqu&rsquo;on aura suffisamment de certitudes qu&rsquo;il n&rsquo;y a pas de foyers qui d\u00e9rangent, on proposera des mesures de d\u00e9confinement\u00bb, a-t-il d\u00e9clar\u00e9, sur les ondes de la Cha\u00eene III, de la radio nationale. Autrement dit, le d\u00e9confinement ne [&hellip;]<\/p>\n","protected":false},"author":1744,"featured_media":0,"comment_status":"closed","ping_status":"closed","sticky":false,"template":"","format":"standard","meta":{"fifu_image_url":"","fifu_image_alt":"","footnotes":""},"categories":[73,53],"tags":[],"class_list":["post-86368","post","type-post","status-publish","format-standard","hentry","category-actualite","category-algerie"],"_links":{"self":[{"href":"https:\/\/linitiative.ca\/International\/wp-json\/wp\/v2\/posts\/86368","targetHints":{"allow":["GET"]}}],"collection":[{"href":"https:\/\/linitiative.ca\/International\/wp-json\/wp\/v2\/posts"}],"about":[{"href":"https:\/\/linitiative.ca\/International\/wp-json\/wp\/v2\/types\/post"}],"author":[{"embeddable":true,"href":"https:\/\/linitiative.ca\/International\/wp-json\/wp\/v2\/users\/1744"}],"replies":[{"embeddable":true,"href":"https:\/\/linitiative.ca\/International\/wp-json\/wp\/v2\/comments?post=86368"}],"version-history":[{"count":0,"href":"https:\/\/linitiative.ca\/International\/wp-json\/wp\/v2\/posts\/86368\/revisions"}],"wp:attachment":[{"href":"https:\/\/linitiative.ca\/International\/wp-json\/wp\/v2\/media?parent=86368"}],"wp:term":[{"taxonomy":"category","embeddable":true,"href":"https:\/\/linitiative.ca\/International\/wp-json\/wp\/v2\/categories?post=86368"},{"taxonomy":"post_tag","embeddable":true,"href":"https:\/\/linitiative.ca\/International\/wp-json\/wp\/v2\/tags?post=86368"}],"curies":[{"name":"wp","href":"https:\/\/api.w.org\/{rel}","templated":true}]}}