{"id":86369,"date":"2020-05-22T15:18:33","date_gmt":"2020-05-22T19:18:33","guid":{"rendered":"https:\/\/linitiative.ca\/International\/interdiction-de-la-circulation-automobile-dans-la-wilaya-dalger-prorogation-des-autorisations-exceptionnelles-de-circuler\/"},"modified":"2020-05-22T15:18:33","modified_gmt":"2020-05-22T19:18:33","slug":"interdiction-de-la-circulation-automobile-dans-la-wilaya-dalger-prorogation-des-autorisations-exceptionnelles-de-circuler","status":"publish","type":"post","link":"https:\/\/linitiative.ca\/International\/interdiction-de-la-circulation-automobile-dans-la-wilaya-dalger-prorogation-des-autorisations-exceptionnelles-de-circuler\/","title":{"rendered":"Interdiction de la circulation automobile dans la wilaya d\u2019Alger :  Prorogation des autorisations exceptionnelles de circuler"},"content":{"rendered":"<p>\u00abEn pr\u00e9cision des mesures compl\u00e9mentaires de pr\u00e9vention contre la pand\u00e9mie de Covid-19, \u00e0 savoir l\u2019application d\u2019un confinement partiel \u00e0 domicile de 13h au lendemain \u00e0 07h durant les deux (02) jours de l&rsquo;A\u00efd-el-Fitr, le wali d\u2019Alger informe l\u2019ensemble des organismes publics et priv\u00e9s, et les titulaires d\u2019autorisations exceptionnelles de circulation pendant le confinement, que ces autorisations restent valides et en vigueur les deux (02) jours de l&rsquo;A\u00efd-el-Fitr\u00bb, ont indiqu\u00e9 les services de la wilaya d\u2019Alger, dans un communiqu\u00e9 publi\u00e9 sur leur page Facebook.\u00a0<\/p>\n<p>Cette mesure concerne l\u2019ensemble des activit\u00e9s autoris\u00e9es pour le m\u00eame itin\u00e9raire mentionn\u00e9 sur les autorisations, a ajout\u00e9 la m\u00eame source. Concernant la suspension de la circulation durant les deux jours de l&rsquo;A\u00efd-el-Fitr, les services de la wilaya d\u2019Alger rappellent la d\u00e9cision du wali relative \u00e0 l\u2019interdiction de la circulation de tous les v\u00e9hicules, voitures et motocycles, pr\u00e9cisant que cette mesure reste en vigueur, y compris en dehors des heures de confinement partiel \u00e0 domicile.<\/p>\n<p>Le communiqu\u00e9 a, par ailleurs, rappel\u00e9 que ces mesures visent \u00e0 pr\u00e9server la sant\u00e9 des citoyens et de leurs familles, et \u00e0 \u00e9viter de les exposer aux graves cons\u00e9quences de cette \u00e9pid\u00e9mie mortelle.<\/p>\n<p>Auteur: elmoudjahid<br \/>\n<a href=\"http:\/\/www.elmoudjahid.com\/fr\/actualites\/153780\">Cliquez ici pour lire l&rsquo;article depuis sa source.<\/a><\/p>\n","protected":false},"excerpt":{"rendered":"<p>\u00abEn pr\u00e9cision des mesures compl\u00e9mentaires de pr\u00e9vention contre la pand\u00e9mie de Covid-19, \u00e0 savoir l\u2019application d\u2019un confinement partiel \u00e0 domicile de 13h au lendemain \u00e0 07h durant les deux (02) jours de l&rsquo;A\u00efd-el-Fitr, le wali d\u2019Alger informe l\u2019ensemble des organismes publics et priv\u00e9s, et les titulaires d\u2019autorisations exceptionnelles de circulation pendant le confinement, que ces [&hellip;]<\/p>\n","protected":false},"author":1744,"featured_media":0,"comment_status":"closed","ping_status":"closed","sticky":false,"template":"","format":"standard","meta":{"fifu_image_url":"","fifu_image_alt":"","footnotes":""},"categories":[73,53],"tags":[],"class_list":["post-86369","post","type-post","status-publish","format-standard","hentry","category-actualite","category-algerie"],"_links":{"self":[{"href":"https:\/\/linitiative.ca\/International\/wp-json\/wp\/v2\/posts\/86369","targetHints":{"allow":["GET"]}}],"collection":[{"href":"https:\/\/linitiative.ca\/International\/wp-json\/wp\/v2\/posts"}],"about":[{"href":"https:\/\/linitiative.ca\/International\/wp-json\/wp\/v2\/types\/post"}],"author":[{"embeddable":true,"href":"https:\/\/linitiative.ca\/International\/wp-json\/wp\/v2\/users\/1744"}],"replies":[{"embeddable":true,"href":"https:\/\/linitiative.ca\/International\/wp-json\/wp\/v2\/comments?post=86369"}],"version-history":[{"count":0,"href":"https:\/\/linitiative.ca\/International\/wp-json\/wp\/v2\/posts\/86369\/revisions"}],"wp:attachment":[{"href":"https:\/\/linitiative.ca\/International\/wp-json\/wp\/v2\/media?parent=86369"}],"wp:term":[{"taxonomy":"category","embeddable":true,"href":"https:\/\/linitiative.ca\/International\/wp-json\/wp\/v2\/categories?post=86369"},{"taxonomy":"post_tag","embeddable":true,"href":"https:\/\/linitiative.ca\/International\/wp-json\/wp\/v2\/tags?post=86369"}],"curies":[{"name":"wp","href":"https:\/\/api.w.org\/{rel}","templated":true}]}}