{"id":86370,"date":"2020-05-22T15:18:35","date_gmt":"2020-05-22T19:18:35","guid":{"rendered":"https:\/\/linitiative.ca\/International\/coordination-nationale-des-imams-la-visite-individuelle-des-cimetieres-recommandee\/"},"modified":"2020-05-22T15:18:35","modified_gmt":"2020-05-22T19:18:35","slug":"coordination-nationale-des-imams-la-visite-individuelle-des-cimetieres-recommandee","status":"publish","type":"post","link":"https:\/\/linitiative.ca\/International\/coordination-nationale-des-imams-la-visite-individuelle-des-cimetieres-recommandee\/","title":{"rendered":"Coordination nationale des imams :  La visite individuelle des cimeti\u00e8res recommand\u00e9e"},"content":{"rendered":"<p>M. Hadjimi a affirm\u00e9 \u00e0 l\u2019APS que \u00abla visite des cimeti\u00e8res le jour de l\u2019A\u00efd-el-Fitr doit se faire individuellement et non pas en groupe, afin d\u2019\u00e9viter le risque de propagation de la maladie\u00bb.<\/p>\n<p>La visite des tombes lors des f\u00eates religieuses \u00abn\u2019est pas une obligation, mais le Proph\u00e8te (QSSSL) l\u2019effectuait pour prier pour les morts\u00bb, a-t-il soulign\u00e9, pr\u00e9cisant qu\u2019il s\u2019agit, n\u00e9anmoins, d\u2019une tradition ancr\u00e9e dans la soci\u00e9t\u00e9 alg\u00e9rienne.<\/p>\n<p>Il a estim\u00e9, en outre, que ces visites interviennent, cette ann\u00e9e, dans \u00abune conjoncture sp\u00e9ciale\u00bb, d\u2019o\u00f9 il serait pr\u00e9f\u00e9rable de les retarder aux autres jours de la semaine, afin d\u2019\u00e9viter les regroupements qui sont susceptibles d\u2019augmenter le risque de propagation de la pand\u00e9mie.<\/p>\n<p>Le chef de service des maladies infectieuses \u00e0 l&rsquo;\u00c9tablissement hospitalier public (EHP) de Boufarik (W. Blida), Dr Mohamed Yousfi, a appel\u00e9 les familles \u00e0 \u00e9viter les places publiques le jour de l\u2019A\u00efd-el-Fitr, sauf en cas de n\u00e9cessit\u00e9, leur proposant d\u2019\u00e9changer les v\u0153ux via les r\u00e9seaux sociaux, ce qui permettra de r\u00e9duire le risque de contamination.<\/p>\n<p>Plus de deux mois apr\u00e8s l\u2019apparition de la pand\u00e9mie en Alg\u00e9rie, \u00abon enregistre une stabilit\u00e9 dans le nombre des d\u00e9c\u00e8s et une baisse du nombre de patients en r\u00e9animation, notamment dans la wilaya de Blida, ce qui d\u00e9note une ma\u00eetrise de la situation\u00bb, a-t-il fait savoir.<\/p>\n<p>Malgr\u00e9 l\u2019am\u00e9lioration de la situation sanitaire, le Dr Yousfi a mis en garde contre le d\u00e9passement \u00abdes lignes rouges, \u00e0 savoir : le non-respect du confinement, appelant les citoyens \u00e0 faire preuve de patience, lors de la f\u00eate de l\u2019A\u00efd, et \u00e0 ne pas visiter les cimeti\u00e8res en groupes afin d\u2019\u00e9viter la propagation de la pand\u00e9mie\u00bb.<\/p>\n<p>De son c\u00f4t\u00e9, le professeur en \u00e9pid\u00e9miologie, Abdelkrim Soukehal, a appel\u00e9 tous les membres de la soci\u00e9t\u00e9 \u00e0 \u00e9viter \u00ables contacts directs avec autrui, \u00e0 l\u2019occasion de l\u2019A\u00efd-el-Fitr et \u00e0 respecter les r\u00e8gles d\u2019hygi\u00e8ne recommand\u00e9es par le comit\u00e9 scientifique de suivi de l&rsquo;\u00e9volution de la pand\u00e9mie du Coronavirus, soulignant \u00e0 cet effet la n\u00e9cessit\u00e9 de porter le masque de protection.<\/p>\n<p>Par ailleurs, le m\u00eame expert a mis en garde contre \u00ables regroupements familiaux et les gestes habituels propres \u00e0 l\u2019A\u00efd (se serrer la main ou se faire la bise) qui sont des gestes de transmission directe du virus\u00bb.<\/p>\n<p>Les services du Premier ministre avaient rappel\u00e9, mardi, dans un communiqu\u00e9, \u00e0 tous les citoyens \u00abla n\u00e9cessit\u00e9 d\u2019observer les mesures de pr\u00e9vention et les r\u00e8gles d\u2019hygi\u00e8ne et de distanciation sociale, ainsi que l\u2019obligation de porter un masque de protection, en toutes circonstances, et en particulier dans les espaces publics ferm\u00e9s ou ouverts, tels que les march\u00e9s, les souks et les cimeti\u00e8res. Le non-port du masque sera sanctionn\u00e9\u00bb.<\/p>\n<p>Auteur: elmoudjahid<br \/>\n<a href=\"http:\/\/www.elmoudjahid.com\/fr\/actualites\/153781\">Cliquez ici pour lire l&rsquo;article depuis sa source.<\/a><\/p>\n","protected":false},"excerpt":{"rendered":"<p>M. Hadjimi a affirm\u00e9 \u00e0 l\u2019APS que \u00abla visite des cimeti\u00e8res le jour de l\u2019A\u00efd-el-Fitr doit se faire individuellement et non pas en groupe, afin d\u2019\u00e9viter le risque de propagation de la maladie\u00bb. La visite des tombes lors des f\u00eates religieuses \u00abn\u2019est pas une obligation, mais le Proph\u00e8te (QSSSL) l\u2019effectuait pour prier pour les morts\u00bb, [&hellip;]<\/p>\n","protected":false},"author":1744,"featured_media":0,"comment_status":"closed","ping_status":"closed","sticky":false,"template":"","format":"standard","meta":{"fifu_image_url":"","fifu_image_alt":"","footnotes":""},"categories":[73,53],"tags":[],"class_list":["post-86370","post","type-post","status-publish","format-standard","hentry","category-actualite","category-algerie"],"_links":{"self":[{"href":"https:\/\/linitiative.ca\/International\/wp-json\/wp\/v2\/posts\/86370","targetHints":{"allow":["GET"]}}],"collection":[{"href":"https:\/\/linitiative.ca\/International\/wp-json\/wp\/v2\/posts"}],"about":[{"href":"https:\/\/linitiative.ca\/International\/wp-json\/wp\/v2\/types\/post"}],"author":[{"embeddable":true,"href":"https:\/\/linitiative.ca\/International\/wp-json\/wp\/v2\/users\/1744"}],"replies":[{"embeddable":true,"href":"https:\/\/linitiative.ca\/International\/wp-json\/wp\/v2\/comments?post=86370"}],"version-history":[{"count":0,"href":"https:\/\/linitiative.ca\/International\/wp-json\/wp\/v2\/posts\/86370\/revisions"}],"wp:attachment":[{"href":"https:\/\/linitiative.ca\/International\/wp-json\/wp\/v2\/media?parent=86370"}],"wp:term":[{"taxonomy":"category","embeddable":true,"href":"https:\/\/linitiative.ca\/International\/wp-json\/wp\/v2\/categories?post=86370"},{"taxonomy":"post_tag","embeddable":true,"href":"https:\/\/linitiative.ca\/International\/wp-json\/wp\/v2\/tags?post=86370"}],"curies":[{"name":"wp","href":"https:\/\/api.w.org\/{rel}","templated":true}]}}