{"id":86372,"date":"2020-05-22T08:25:47","date_gmt":"2020-05-22T12:25:47","guid":{"rendered":"https:\/\/linitiative.ca\/International\/105345-foot-covid-19-reprise-de-la-competition-2019-2020-la-faf-invitee-a-une-reunion-de-travail-de-cinq-federations-africaines\/"},"modified":"2020-05-22T08:25:47","modified_gmt":"2020-05-22T12:25:47","slug":"105345-foot-covid-19-reprise-de-la-competition-2019-2020-la-faf-invitee-a-une-reunion-de-travail-de-cinq-federations-africaines","status":"publish","type":"post","link":"https:\/\/linitiative.ca\/International\/105345-foot-covid-19-reprise-de-la-competition-2019-2020-la-faf-invitee-a-une-reunion-de-travail-de-cinq-federations-africaines\/","title":{"rendered":"Foot \/reprise de la comp\u00e9tition: la FAF invit\u00e9e \u00e0 une r\u00e9union de travail de cinq f\u00e9d\u00e9rations africaines"},"content":{"rendered":"<p><span class=\"sp-nh-title\">Anniversaire\/soul\u00e8vement de l&rsquo;ind\u00e9pendance: la Communaut\u00e9 internationale appel\u00e9e \u00e0 faire plus de pression sur l&rsquo;occupant marocain<\/span> &#8211; <span class=\"sp-nh-date\">vendredi 22 mai 2020 17:13<\/span><\/p>\n<p><span class=\"sp-nh-title\">Coronavirus: 190 nouveaux cas, 194 gu\u00e9risons et 7 d\u00e9c\u00e8s durant les derni\u00e8res 24h \u00a0<\/span> &#8211; <span class=\"sp-nh-date\">vendredi 22 mai 2020 16:30<\/span><\/p>\n<p><span class=\"sp-nh-title\">Campagne nationale de sensibilisation au port du masque obligatoire \u00e0 travers 48 wilayas \u00a0<\/span> &#8211; <span class=\"sp-nh-date\">vendredi 22 mai 2020 16:30<\/span><\/p>\n<p><span class=\"sp-nh-title\">Confinement sanitaire: sanctions rigoureuses contre les commer\u00e7ants contrevenants\u00a0<\/span> &#8211; <span class=\"sp-nh-date\">vendredi 22 mai 2020 16:22<\/span><\/p>\n<p><span class=\"sp-nh-title\">Raouya \u00e9voque la coop\u00e9ration \u00e9conomique et financi\u00e8re avec l\u2019ambassadeur am\u00e9ricain<\/span> &#8211; <span class=\"sp-nh-date\">vendredi 22 mai 2020 16:17<\/span><\/p>\n<p><span class=\"sp-nh-title\">Oran : les g\u00e2teaux de l\u2019A\u00efd tr\u00f4neront sur la table malgr\u00e9 la pand\u00e9mie du Coronavirus<\/span> &#8211; <span class=\"sp-nh-date\">vendredi 22 mai 2020 15:50<\/span><\/p>\n<p><span class=\"sp-nh-title\">Illizi : intensification de l\u2019activit\u00e9 commerciale \u00e0 la veille de l\u2019Aid El-Fitr<\/span> &#8211; <span class=\"sp-nh-date\">vendredi 22 mai 2020 15:39<\/span><\/p>\n<p><span class=\"sp-nh-title\">L\u2019ARAV convoque la responsable d\u2019une chaine priv\u00e9e pour diffusion de d\u00e9passements<\/span> &#8211; <span class=\"sp-nh-date\">vendredi 22 mai 2020 14:49<\/span><\/p>\n<p><span class=\"sp-nh-title\">Plus de 660.000 d\u00e9plac\u00e9s depuis l&rsquo;appel de l&rsquo;ONU \u00e0 un cessez-le-feu mondial \u00a0<\/span> &#8211; <span class=\"sp-nh-date\">vendredi 22 mai 2020 14:42<\/span><\/p>\n<p><span class=\"sp-nh-title\">Le Pr\u00e9sident de la R\u00e9publique re\u00e7oit un appel t\u00e9l\u00e9phonique de son homologue \u00e9gyptien<\/span> &#8211; <span class=\"sp-nh-date\">vendredi 22 mai 2020 13:47<\/span><\/p>\n<p><span class=\"sp-nh-title\">Le MJS rassure la F\u00e9d\u00e9ration de Karat\u00e9 do et ses athl\u00e8tes en vue des JO 2021 et des JM2022<\/span> &#8211; <span class=\"sp-nh-date\">vendredi 22 mai 2020 13:33<\/span><\/p>\n<p><span class=\"sp-nh-title\">Foot \/reprise de la comp\u00e9tition: la FAF invit\u00e9e \u00e0 une r\u00e9union de travail de cinq f\u00e9d\u00e9rations africaines<\/span> &#8211; <span class=\"sp-nh-date\">vendredi 22 mai 2020 13:25<\/span><\/p>\n<p><span class=\"sp-nh-title\">Vents forts avec de fr\u00e9quents soul\u00e8vements de sable sur 5 wilayas du Sud\u00a0<\/span> &#8211; <span class=\"sp-nh-date\">vendredi 22 mai 2020 11:45<\/span><\/p>\n<p><span class=\"sp-nh-title\">S\u00e9isme de magnitude 3,2 dans la wilaya de Oum El Bouaghi<\/span> &#8211; <span class=\"sp-nh-date\">vendredi 22 mai 2020 11:42<\/span><\/p>\n<p><span class=\"sp-nh-title\">La biodiversit\u00e9, une ressource importante pour des secteurs \u00e9conomiques strat\u00e9giques<\/span> &#8211; <span class=\"sp-nh-date\">vendredi 22 mai 2020 11:35<\/span><\/p>\n<p><span class=\"sp-nh-title\">Semences: le r\u00f4le de la recherche scientifique dans la ma\u00eetrise des vari\u00e9t\u00e9s, salu\u00e9<\/span> &#8211; <span class=\"sp-nh-date\">vendredi 22 mai 2020 11:28<\/span><\/p>\n<p><span class=\"sp-nh-title\">Wilaya d\u2019Alger : Interdiction de la circulation automobile et prorogation des autorisations exceptionnelles<\/span> &#8211; <span class=\"sp-nh-date\">vendredi 22 mai 2020 11:18<\/span><\/p>\n<p><span class=\"sp-nh-title\">Le Pr\u00e9sident Tebboune f\u00e9licite son homologue tunisien \u00e0 l&rsquo;occasion de l&rsquo;Aid El Fitr<\/span> &#8211; <span class=\"sp-nh-date\">vendredi 22 mai 2020 11:12<\/span><\/p>\n<p><span class=\"sp-nh-title\">Les cas confirm\u00e9s de Covid-19 en hausse dans la bande de Ghaza<\/span> &#8211; <span class=\"sp-nh-date\">vendredi 22 mai 2020 11:08<\/span><\/p>\n<p><span class=\"sp-nh-title\">Covid-19 \/ A\u00efd El Fitr: Implication des mosqu\u00e9es dans la distribution de masques<\/span> &#8211; <span class=\"sp-nh-date\">vendredi 22 mai 2020 10:56<\/span><\/p>\n<p>Auteur:<br \/>\n<a href=\"http:\/\/www.aps.dz\/sport\/105345-foot-covid-19-reprise-de-la-competition-2019-2020-la-faf-invitee-a-une-reunion-de-travail-de-cinq-federations-africaines?utm_source=feedburner&#038;utm_medium=feed&#038;utm_campaign=Feed%3A+aps-sport+%28APS+-+SPORT%29\">Cliquez ici pour lire l&rsquo;article depuis sa source.<\/a><\/p>\n","protected":false},"excerpt":{"rendered":"<p>Anniversaire\/soul\u00e8vement de l&rsquo;ind\u00e9pendance: la Communaut\u00e9 internationale appel\u00e9e \u00e0 faire plus de pression sur l&rsquo;occupant marocain &#8211; vendredi 22 mai 2020 17:13 Coronavirus: 190 nouveaux cas, 194 gu\u00e9risons et 7 d\u00e9c\u00e8s durant les derni\u00e8res 24h \u00a0 &#8211; vendredi 22 mai 2020 16:30 Campagne nationale de sensibilisation au port du masque obligatoire \u00e0 travers 48 wilayas \u00a0 [&hellip;]<\/p>\n","protected":false},"author":1790,"featured_media":0,"comment_status":"closed","ping_status":"closed","sticky":false,"template":"","format":"standard","meta":{"fifu_image_url":"","fifu_image_alt":"","footnotes":""},"categories":[53,75],"tags":[],"class_list":["post-86372","post","type-post","status-publish","format-standard","hentry","category-algerie","category-sport"],"_links":{"self":[{"href":"https:\/\/linitiative.ca\/International\/wp-json\/wp\/v2\/posts\/86372","targetHints":{"allow":["GET"]}}],"collection":[{"href":"https:\/\/linitiative.ca\/International\/wp-json\/wp\/v2\/posts"}],"about":[{"href":"https:\/\/linitiative.ca\/International\/wp-json\/wp\/v2\/types\/post"}],"author":[{"embeddable":true,"href":"https:\/\/linitiative.ca\/International\/wp-json\/wp\/v2\/users\/1790"}],"replies":[{"embeddable":true,"href":"https:\/\/linitiative.ca\/International\/wp-json\/wp\/v2\/comments?post=86372"}],"version-history":[{"count":0,"href":"https:\/\/linitiative.ca\/International\/wp-json\/wp\/v2\/posts\/86372\/revisions"}],"wp:attachment":[{"href":"https:\/\/linitiative.ca\/International\/wp-json\/wp\/v2\/media?parent=86372"}],"wp:term":[{"taxonomy":"category","embeddable":true,"href":"https:\/\/linitiative.ca\/International\/wp-json\/wp\/v2\/categories?post=86372"},{"taxonomy":"post_tag","embeddable":true,"href":"https:\/\/linitiative.ca\/International\/wp-json\/wp\/v2\/tags?post=86372"}],"curies":[{"name":"wp","href":"https:\/\/api.w.org\/{rel}","templated":true}]}}