{"id":86373,"date":"2020-05-22T08:33:04","date_gmt":"2020-05-22T12:33:04","guid":{"rendered":"https:\/\/linitiative.ca\/International\/105346-le-mjs-rassure-la-federation-de-karate-do-et-ses-athletes-en-vue-des-jo-2021-et-des-jm2022\/"},"modified":"2020-05-22T08:33:04","modified_gmt":"2020-05-22T12:33:04","slug":"105346-le-mjs-rassure-la-federation-de-karate-do-et-ses-athletes-en-vue-des-jo-2021-et-des-jm2022","status":"publish","type":"post","link":"https:\/\/linitiative.ca\/International\/105346-le-mjs-rassure-la-federation-de-karate-do-et-ses-athletes-en-vue-des-jo-2021-et-des-jm2022\/","title":{"rendered":"Le MJS rassure la F\u00e9d\u00e9ration de Karat\u00e9 do et ses athl\u00e8tes en vue des JO 2021 et des JM2022"},"content":{"rendered":"<div readability=\"37\">\n<p><strong>ALGER- Le ministre de la Jeunesse et des Sports Sid Ali Khaldi a rassur\u00e9 le pr\u00e9sident de la F\u00e9d\u00e9ration alg\u00e9rienne de Karat\u00e9 do Slimane Mesdoui en vue des Jeux olympiques de 2021 et des Jeux m\u00e9diterran\u00e9ens de 2022, en lui promettant d&rsquo;aider et de soutenir les athl\u00e8tes qualifi\u00e9s, a indiqu\u00e9 l&rsquo;instance f\u00e9d\u00e9rale.<\/strong><\/p>\n<\/div>\n<div readability=\"70\">\n<p>Les deux hommes s&rsquo;\u00e9taient rencontr\u00e9s jeudi apr\u00e8s-midi au si\u00e8ge du MJS, et ont \u00e9voqu\u00e9 plusieurs autres sujets ayant trait au d\u00e9veloppement de la discipline, comme la formation.<\/p>\n<p>Depuis son installation \u00e0 la t\u00eate du MJS, Khaldi a d\u00e9j\u00e0 invit\u00e9 au si\u00e8ge de sa structure minist\u00e9rielle plusieurs pr\u00e9sidents de f\u00e9d\u00e9rations, pour \u00e9couter leurs dol\u00e9ances et \u00eatre fix\u00e9 ainsi sur la meilleure mani\u00e8re de leur venir en aide.<\/p>\n<blockquote readability=\"10\">\n<p><em><strong>Dans la continuit\u00e9 de cette initiative, c&rsquo;\u00e9tait au tour du Karat\u00e9 de faire entendre sa voix, par le biais du pr\u00e9sident Slimane Mesdoui, et qui \u00e0 la fin de cette rencontre avec le ministre semblait tr\u00e8s satisfait de qui a d\u00e9battu.<\/strong><\/em><\/p>\n<\/blockquote>\n<p>D&rsquo;ailleurs, quelques heures seulement apr\u00e8s cette rencontre, le pr\u00e9sident de la FAK a publi\u00e9 un communiqu\u00e9 sur la page officielle de la F\u00e9d\u00e9ration et dans lequel il a remerci\u00e9 le ministre pour son \u00e9coute et surtout, pour sa disposition \u00e0 aider le Karat\u00e9 \u00e0 se d\u00e9velopper.<\/p>\n<p>Cet art martial japonais compte parmi les plus pratiqu\u00e9s en Alg\u00e9rie, o\u00f9 il fut \u00e9galement un des premiers \u00e0 \u00eatre introduit apr\u00e8s ind\u00e9pendance du pays, en 1962.<\/p>\n<blockquote readability=\"8\">\n<p><em><strong>Le Karat\u00e9 alg\u00e9rien a toujours bien repr\u00e9sent\u00e9 les couleurs nationales lors de grands \u00e9v\u00e9nements sportifs internationaux. Le dernier en date a \u00e9t\u00e9 les Championnats d&rsquo;Afrique 2021, disput\u00e9s au mois de f\u00e9vrier dernier au Maroc.<\/strong><\/em><\/p>\n<\/blockquote>\n<p>Les internationaux alg\u00e9riens avaient brill\u00e9 de mille feux pendant cette comp\u00e9tition, aussi bien chez juniors que chez les seniors.<\/p>\n<p>En effet, Les Alg\u00e9riens avaient r\u00e9colt\u00e9 pas moins de vingt m\u00e9dailles lors de ces Championnats d&rsquo;Afrique (9 or,4 argent et 7 bronze), terminant ainsi \u00e0 la troisi\u00e8me place du classement g\u00e9n\u00e9ral.<\/p>\n<\/div>\n<p>Auteur:<br \/>\n<a href=\"http:\/\/www.aps.dz\/sport\/105346-le-mjs-rassure-la-federation-de-karate-do-et-ses-athletes-en-vue-des-jo-2021-et-des-jm2022?utm_source=feedburner&#038;utm_medium=feed&#038;utm_campaign=Feed%3A+aps-sport+%28APS+-+SPORT%29\">Cliquez ici pour lire l&rsquo;article depuis sa source.<\/a><\/p>\n","protected":false},"excerpt":{"rendered":"<p>ALGER- Le ministre de la Jeunesse et des Sports Sid Ali Khaldi a rassur\u00e9 le pr\u00e9sident de la F\u00e9d\u00e9ration alg\u00e9rienne de Karat\u00e9 do Slimane Mesdoui en vue des Jeux olympiques de 2021 et des Jeux m\u00e9diterran\u00e9ens de 2022, en lui promettant d&rsquo;aider et de soutenir les athl\u00e8tes qualifi\u00e9s, a indiqu\u00e9 l&rsquo;instance f\u00e9d\u00e9rale. Les deux hommes [&hellip;]<\/p>\n","protected":false},"author":1790,"featured_media":0,"comment_status":"closed","ping_status":"closed","sticky":false,"template":"","format":"standard","meta":{"fifu_image_url":"","fifu_image_alt":"","footnotes":""},"categories":[53,75],"tags":[],"class_list":["post-86373","post","type-post","status-publish","format-standard","hentry","category-algerie","category-sport"],"_links":{"self":[{"href":"https:\/\/linitiative.ca\/International\/wp-json\/wp\/v2\/posts\/86373","targetHints":{"allow":["GET"]}}],"collection":[{"href":"https:\/\/linitiative.ca\/International\/wp-json\/wp\/v2\/posts"}],"about":[{"href":"https:\/\/linitiative.ca\/International\/wp-json\/wp\/v2\/types\/post"}],"author":[{"embeddable":true,"href":"https:\/\/linitiative.ca\/International\/wp-json\/wp\/v2\/users\/1790"}],"replies":[{"embeddable":true,"href":"https:\/\/linitiative.ca\/International\/wp-json\/wp\/v2\/comments?post=86373"}],"version-history":[{"count":0,"href":"https:\/\/linitiative.ca\/International\/wp-json\/wp\/v2\/posts\/86373\/revisions"}],"wp:attachment":[{"href":"https:\/\/linitiative.ca\/International\/wp-json\/wp\/v2\/media?parent=86373"}],"wp:term":[{"taxonomy":"category","embeddable":true,"href":"https:\/\/linitiative.ca\/International\/wp-json\/wp\/v2\/categories?post=86373"},{"taxonomy":"post_tag","embeddable":true,"href":"https:\/\/linitiative.ca\/International\/wp-json\/wp\/v2\/tags?post=86373"}],"curies":[{"name":"wp","href":"https:\/\/api.w.org\/{rel}","templated":true}]}}