{"id":86374,"date":"2020-05-22T13:54:00","date_gmt":"2020-05-22T17:54:00","guid":{"rendered":"https:\/\/linitiative.ca\/International\/lutte-contre-le-covid-19-le-port-du-masque-obligatoire-a-partir-du-1er-jour-de-laid\/"},"modified":"2020-05-22T13:54:00","modified_gmt":"2020-05-22T17:54:00","slug":"lutte-contre-le-covid-19-le-port-du-masque-obligatoire-a-partir-du-1er-jour-de-laid","status":"publish","type":"post","link":"https:\/\/linitiative.ca\/International\/lutte-contre-le-covid-19-le-port-du-masque-obligatoire-a-partir-du-1er-jour-de-laid\/","title":{"rendered":"LUTTE CONTRE LE COVID-19  : Le port du masque obligatoire \u00e0 partir du 1er jour de l&rsquo;A\u00efd"},"content":{"rendered":"<p><br id=\"sep_para_1\" class=\"sep_para access\"\/><\/p>\n<div id=\"para_1\" class=\"para_37098666 resize\">\n<div class=\"texte access firstletter\">Le gouvernement a d\u00e9cid\u00e9 que \u00ab\u00a0le port du masque est une obligation stricte, et enfreindre cette obligation imp\u00e9rative exposerait les contrevenants \u00e0 des sanctions l\u00e9gales\u00a0\u00bb. En effet,\u00a0 le port d&rsquo;un masque de protection est d\u00e9sormais consid\u00e9r\u00e9 comme une mesure de pr\u00e9vention obligatoire dans le cadre de la lutte contre la propagation du Coronavirus \u00e0 la faveur d&rsquo;un d\u00e9cret ex\u00e9cutif paru au dernier num\u00e9ro du journal officiel (JO). Selon le nouveau texte de loi,\u00a0 intitul\u00e9 \u00ab\u00a0D\u00e9cret ex\u00e9cutif n\u00b0 20-127 du 27 Ramadhan 1441 correspondant au 20 mai 2020 modifiant et compl\u00e9tant le d\u00e9cret ex\u00e9cutif n\u00b0 20-70 du 29 Rajab 1441 correspondant au 24 mars 2020 fixant des mesures compl\u00e9mentaires de pr\u00e9vention et de lutte contre la propagation du Coronavirus (COVID\u00a0\u00bb, dans son article 13 bis, \u00ab\u00a0est consid\u00e9r\u00e9 \u00e9galement comme mesure de pr\u00e9vention obligatoire, le port d&rsquo;un masque de protection\u00a0\u00bb. \u00ab\u00a0Le masque de protection doit \u00eatre port\u00e9 par toutes personnes et en toutes circonstances, sur la voie et les lieux publics, sur les lieux de travail ainsi que dans tous les espaces ouverts ou ferm\u00e9s recevant le public, notamment les institutions et administrations publiques, les services publics, les \u00e9tablissements de prestations de services et les lieux de commerce\u00a0\u00bb, est pr\u00e9cis\u00e9 dans le m\u00eame d\u00e9cret. \u00ab\u00a0Tout \u00e9tablissement ou administration\u00a0 recevant le public, ainsi que toute personne assurant une activit\u00e9 de commerce ou de prestation de services, sous quelque forme que ce soit, sont tenus d&rsquo;observer et de faire respecter l&rsquo;obligation du port de masque de protection, par tous moyens, y compris en faisant appel \u00e0 la force publique\u00a0\u00bb, avertit le l\u00e9gislateur dans l&rsquo;article 13 ter.<\/div>\n<\/div>\n<p>Auteur: Ismain<br \/>\n<a href=\"https:\/\/www.reflexiondz.net\/LUTTE-CONTRE-LE-COVID-19-Le-port-du-masque-obligatoire-a-partir-du-1er-jour-de-l-Aid_a62883.html\">Cliquez ici pour lire l&rsquo;article depuis sa source.<\/a><\/p>\n","protected":false},"excerpt":{"rendered":"<p>Le gouvernement a d\u00e9cid\u00e9 que \u00ab\u00a0le port du masque est une obligation stricte, et enfreindre cette obligation imp\u00e9rative exposerait les contrevenants \u00e0 des sanctions l\u00e9gales\u00a0\u00bb. En effet,\u00a0 le port d&rsquo;un masque de protection est d\u00e9sormais consid\u00e9r\u00e9 comme une mesure de pr\u00e9vention obligatoire dans le cadre de la lutte contre la propagation du Coronavirus \u00e0 la [&hellip;]<\/p>\n","protected":false},"author":1740,"featured_media":0,"comment_status":"closed","ping_status":"closed","sticky":false,"template":"","format":"standard","meta":{"fifu_image_url":"","fifu_image_alt":"","footnotes":""},"categories":[53,76],"tags":[],"class_list":["post-86374","post","type-post","status-publish","format-standard","hentry","category-algerie","category-regions"],"_links":{"self":[{"href":"https:\/\/linitiative.ca\/International\/wp-json\/wp\/v2\/posts\/86374","targetHints":{"allow":["GET"]}}],"collection":[{"href":"https:\/\/linitiative.ca\/International\/wp-json\/wp\/v2\/posts"}],"about":[{"href":"https:\/\/linitiative.ca\/International\/wp-json\/wp\/v2\/types\/post"}],"author":[{"embeddable":true,"href":"https:\/\/linitiative.ca\/International\/wp-json\/wp\/v2\/users\/1740"}],"replies":[{"embeddable":true,"href":"https:\/\/linitiative.ca\/International\/wp-json\/wp\/v2\/comments?post=86374"}],"version-history":[{"count":0,"href":"https:\/\/linitiative.ca\/International\/wp-json\/wp\/v2\/posts\/86374\/revisions"}],"wp:attachment":[{"href":"https:\/\/linitiative.ca\/International\/wp-json\/wp\/v2\/media?parent=86374"}],"wp:term":[{"taxonomy":"category","embeddable":true,"href":"https:\/\/linitiative.ca\/International\/wp-json\/wp\/v2\/categories?post=86374"},{"taxonomy":"post_tag","embeddable":true,"href":"https:\/\/linitiative.ca\/International\/wp-json\/wp\/v2\/tags?post=86374"}],"curies":[{"name":"wp","href":"https:\/\/api.w.org\/{rel}","templated":true}]}}